{"id":41832,"date":"2026-03-17T12:28:19","date_gmt":"2026-03-17T11:28:19","guid":{"rendered":"https:\/\/www.studiogera.de\/001\/?p=41832"},"modified":"2026-03-17T12:28:21","modified_gmt":"2026-03-17T11:28:21","slug":"taeter-nach-gefaehrlicher-koerperverletzung-gestellt","status":"publish","type":"post","link":"https:\/\/www.studiogera.de\/001\/2026\/03\/17\/taeter-nach-gefaehrlicher-koerperverletzung-gestellt\/","title":{"rendered":"T\u00c4TER NACH GEF\u00c4HRLICHER K\u00d6RPERVERLETZUNG GESTELLT"},"content":{"rendered":"\n<p>Bundespolizisten mussten am Sonntag gegen 4 Uhr im Hauptbahnhof nach einer k\u00f6rperlichen Auseinandersetzung eingreifen. Ein 39-j\u00e4hriger Deutscher hatte Blutungen am Kopf und einer Hand. Die mutma\u00dflichen T\u00e4ter fl\u00fcchteten aus dem Hauptbahnhof.<\/p>\n\n\n\n<p>Anhand der Personenbeschreibungen konnte die Geraer Polizei die Fahndung unterst\u00fctzen. Eine Streife hat die Tatverd\u00e4chtigen kurze Zeit sp\u00e4ter im Stadtgebiet gestellt.<\/p>\n\n\n\n<p>Ersten Erkenntnissen zufolge soll das am Boden liegende Opfer durch die beiden Ukrainer ins Gesicht getreten worden sein. Daraus resultierten die Wunden des Mannes, die im Weiteren in einem Hospital medizinisch versorgt wurden.<\/p>\n\n\n\n<p>Gegen die mutma\u00dflichen T\u00e4ter wird nun wegen gef\u00e4hrlicher K\u00f6rperverletzung ermittelt. Befragungen der Beschuldigten sowie von Zeugen sollen kl\u00e4ren, was Ausl\u00f6ser dieser Gewalttat war.<\/p>\n","protected":false},"excerpt":{"rendered":"<div class=\"mh-excerpt\"><p>Bundespolizisten mussten am Sonntag gegen 4 Uhr im Hauptbahnhof nach einer k\u00f6rperlichen Auseinandersetzung eingreifen. Ein 39-j\u00e4hriger Deutscher hatte Blutungen am Kopf und einer Hand. Die mutma\u00dflichen T\u00e4ter fl\u00fcchteten aus dem Hauptbahnhof. Anhand der Personenbeschreibungen konnte <a class=\"mh-excerpt-more\" href=\"https:\/\/www.studiogera.de\/001\/2026\/03\/17\/taeter-nach-gefaehrlicher-koerperverletzung-gestellt\/\" title=\"T\u00c4TER NACH GEF\u00c4HRLICHER K\u00d6RPERVERLETZUNG GESTELLT\">[&#8230;]<\/a><\/p>\n<\/div>","protected":false},"author":2,"featured_media":39957,"comment_status":"open","ping_status":"open","sticky":false,"template":"","format":"standard","meta":{"footnotes":""},"categories":[13],"tags":[],"class_list":{"0":"post-41832","1":"post","2":"type-post","3":"status-publish","4":"format-standard","5":"has-post-thumbnail","7":"category-polizeiberichte"},"_links":{"self":[{"href":"https:\/\/www.studiogera.de\/001\/wp-json\/wp\/v2\/posts\/41832","targetHints":{"allow":["GET"]}}],"collection":[{"href":"https:\/\/www.studiogera.de\/001\/wp-json\/wp\/v2\/posts"}],"about":[{"href":"https:\/\/www.studiogera.de\/001\/wp-json\/wp\/v2\/types\/post"}],"author":[{"embeddable":true,"href":"https:\/\/www.studiogera.de\/001\/wp-json\/wp\/v2\/users\/2"}],"replies":[{"embeddable":true,"href":"https:\/\/www.studiogera.de\/001\/wp-json\/wp\/v2\/comments?post=41832"}],"version-history":[{"count":1,"href":"https:\/\/www.studiogera.de\/001\/wp-json\/wp\/v2\/posts\/41832\/revisions"}],"predecessor-version":[{"id":41833,"href":"https:\/\/www.studiogera.de\/001\/wp-json\/wp\/v2\/posts\/41832\/revisions\/41833"}],"wp:featuredmedia":[{"embeddable":true,"href":"https:\/\/www.studiogera.de\/001\/wp-json\/wp\/v2\/media\/39957"}],"wp:attachment":[{"href":"https:\/\/www.studiogera.de\/001\/wp-json\/wp\/v2\/media?parent=41832"}],"wp:term":[{"taxonomy":"category","embeddable":true,"href":"https:\/\/www.studiogera.de\/001\/wp-json\/wp\/v2\/categories?post=41832"},{"taxonomy":"post_tag","embeddable":true,"href":"https:\/\/www.studiogera.de\/001\/wp-json\/wp\/v2\/tags?post=41832"}],"curies":[{"name":"wp","href":"https:\/\/api.w.org\/{rel}","templated":true}]}}