{"id":42330,"date":"2026-04-24T12:50:43","date_gmt":"2026-04-24T10:50:43","guid":{"rendered":"https:\/\/www.studiogera.de\/001\/?p=42330"},"modified":"2026-04-24T12:50:44","modified_gmt":"2026-04-24T10:50:44","slug":"auslaender-bei-gewalttaten-ueberrepraesentiert","status":"publish","type":"post","link":"https:\/\/www.studiogera.de\/001\/2026\/04\/24\/auslaender-bei-gewalttaten-ueberrepraesentiert\/","title":{"rendered":"AUSL\u00c4NDER BEI GEWALTTATEN \u00dcBERREPR\u00c4SENTIERT"},"content":{"rendered":"\n<p>In Deutschland gibt es mehr Schwerverbrechen wie Mord, Totschlag, Vergewaltigungen und besonders schwere sexuelle \u00dcbergriffe. Das zeigt die neue Polizeiliche Kriminalstatistik mit den Zahlen von 2025. Die \u00f6ffentliche Aufmerksamkeit richtet sich dabei vor allem auf einen Aspekt: 42,9 % der Tatverd\u00e4chtigen sind Ausl\u00e4nder \u2014 bei einem Bev\u00f6lkerungsanteil von nur 15 %. Dabei fallen besonders Menschen aus arabischen Staaten auf. Bei Gewalttaten sind, bezogen auf 100&#8217;000 Einwohner, die Zahlen der tatverd\u00e4chtigen Frauen unter Syrern und Afghanen sogar h\u00f6her als die der deutschen tatverd\u00e4chtigen M\u00e4nner.<br>Bezogen auf das Jahr 2024 ging die Gesamtzahl der gemeldeten Straftaten jedoch zur\u00fcck, was vor allem der Teillegalisierung von Cannabis im April 2924 geschuldet ist. Einen leichten R\u00fcckgang zeigt die Statistik auch bei der Gewaltkriminalit\u00e4t, was mit der gesunkenen Zahl neu ankommender Zuwanderer korreliert. Das Niveau bleibt allerdings hoch.<\/p>\n\n\n\n<p>Die Interpretationen der Zahlen fallen sehr unterschiedlich aus. Je nachdem, ob Ausl\u00e4nder als spezifische oder M\u00e4nner als \u00fcbergeordnete Gruppe in den Fokus genommen werden, steht in der gesellschaftlichen Debatte im ersten Fall die Herkunft, im zweiten das Geschlecht im Vordergrund. Werden sozio\u00f6konomische Faktoren wie die Wohnverh\u00e4ltnisse zur Erkl\u00e4rung der hohen Fallzahlen herangezogen, konzentriert sich die Problemsuche auf die Lebensbedingungen in Deutschland. Steht die Herkunft im Mittelpunkt, wird \u00fcber die kulturelle und soziale Pr\u00e4gung sowie das Bildungsniveau der Zuwanderer diskutiert. Auch gibt es die Auffassung, ausl\u00e4ndische Tatverd\u00e4chtige w\u00fcrden \u00fcberproportional h\u00e4ufig angezeigt.<\/p>\n\n\n\n<p>Das hohe \u00f6ffentliche Interesse am Thema geht zur\u00fcck auf die Berichterstattung \u00fcber schwere F\u00e4lle und Beobachtungen im Lebensumfeld. An Orten mit einem sichtbar hohen Anteil fremder Menschen, insbesondere in Fu\u00dfg\u00e4ngerzonen, Parks, Einkaufszentren, und \u00f6ffentlichen Verkehrsmitteln, wurde in den vergangenen Jahren die \u00dcberwachung deutlich verst\u00e4rkt. Es kommt zu Assoziationen. Gleichzeitig werden Sicherheitskr\u00e4fte immer schwerer ausger\u00fcstet, was nicht allein mit der Gegenwart junger M\u00e4nner erkl\u00e4rt werden kann. Schutzvorrichtungen wie Anti-Terror-Sperren bei Veranstaltungen vermitteln der Allgemeinheit ein h\u00f6heres Sicherheitsrisiko.<\/p>\n","protected":false},"excerpt":{"rendered":"<div class=\"mh-excerpt\"><p>In Deutschland gibt es mehr Schwerverbrechen wie Mord, Totschlag, Vergewaltigungen und besonders schwere sexuelle \u00dcbergriffe. Das zeigt die neue Polizeiliche Kriminalstatistik mit den Zahlen von 2025. Die \u00f6ffentliche Aufmerksamkeit richtet sich dabei vor allem auf <a class=\"mh-excerpt-more\" href=\"https:\/\/www.studiogera.de\/001\/2026\/04\/24\/auslaender-bei-gewalttaten-ueberrepraesentiert\/\" title=\"AUSL\u00c4NDER BEI GEWALTTATEN \u00dcBERREPR\u00c4SENTIERT\">[&#8230;]<\/a><\/p>\n<\/div>","protected":false},"author":2,"featured_media":42335,"comment_status":"open","ping_status":"open","sticky":false,"template":"","format":"standard","meta":{"footnotes":""},"categories":[6],"tags":[],"class_list":{"0":"post-42330","1":"post","2":"type-post","3":"status-publish","4":"format-standard","5":"has-post-thumbnail","7":"category-gesellschaft"},"_links":{"self":[{"href":"https:\/\/www.studiogera.de\/001\/wp-json\/wp\/v2\/posts\/42330","targetHints":{"allow":["GET"]}}],"collection":[{"href":"https:\/\/www.studiogera.de\/001\/wp-json\/wp\/v2\/posts"}],"about":[{"href":"https:\/\/www.studiogera.de\/001\/wp-json\/wp\/v2\/types\/post"}],"author":[{"embeddable":true,"href":"https:\/\/www.studiogera.de\/001\/wp-json\/wp\/v2\/users\/2"}],"replies":[{"embeddable":true,"href":"https:\/\/www.studiogera.de\/001\/wp-json\/wp\/v2\/comments?post=42330"}],"version-history":[{"count":4,"href":"https:\/\/www.studiogera.de\/001\/wp-json\/wp\/v2\/posts\/42330\/revisions"}],"predecessor-version":[{"id":42336,"href":"https:\/\/www.studiogera.de\/001\/wp-json\/wp\/v2\/posts\/42330\/revisions\/42336"}],"wp:featuredmedia":[{"embeddable":true,"href":"https:\/\/www.studiogera.de\/001\/wp-json\/wp\/v2\/media\/42335"}],"wp:attachment":[{"href":"https:\/\/www.studiogera.de\/001\/wp-json\/wp\/v2\/media?parent=42330"}],"wp:term":[{"taxonomy":"category","embeddable":true,"href":"https:\/\/www.studiogera.de\/001\/wp-json\/wp\/v2\/categories?post=42330"},{"taxonomy":"post_tag","embeddable":true,"href":"https:\/\/www.studiogera.de\/001\/wp-json\/wp\/v2\/tags?post=42330"}],"curies":[{"name":"wp","href":"https:\/\/api.w.org\/{rel}","templated":true}]}}