{"id":42355,"date":"2026-04-25T07:02:03","date_gmt":"2026-04-25T05:02:03","guid":{"rendered":"https:\/\/www.studiogera.de\/001\/?p=42355"},"modified":"2026-04-25T07:02:04","modified_gmt":"2026-04-25T05:02:04","slug":"veranstaltungen-am-samstag-142","status":"publish","type":"post","link":"https:\/\/www.studiogera.de\/001\/2026\/04\/25\/veranstaltungen-am-samstag-142\/","title":{"rendered":"VERANSTALTUNGEN AM SAMSTAG"},"content":{"rendered":"\n<p>In der Panndorfhalle beginnen um 8 Uhr die Fu\u00dfball- und Volleyballspiele der Betriebssportgemeinschaft der Bundesversicherungsanstalt f\u00fcr Angestellte.<\/p>\n\n\n\n<p>Der Heimatverein Gera-D\u00fcrrenebersdorf e. V. l\u00e4dt zum 14. Wandertag ein. Treffpunkt ist der Spielplatz der Generationen in D\u00fcrrenebersdorf. Die Wanderung beginnt zwischen 9 Uhr und 10 Uhr. Die abwechslungsreichen Strecken, etwa neun und 14 Kilometer rund um die \u201eD\u00fcrre Henne\u201c, ist f\u00fcr Jung und Alt geeignet. F\u00fcr Verpflegung ist gesorgt: Am Start- und Zielpunkt werden Rostbratw\u00fcrste, Kuchen und Getr\u00e4nke angeboten. Zudem gibt es einen Verpflegungspunkt entlang der Strecke. Alle Teilnehmer erhalten im Anschluss eine Urkunde. Die Startgeb\u00fchr betr\u00e4gt drei Euro.<\/p>\n\n\n\n<p>Um 10 Uhr beginnt auf der Radrennbahn in Debschwitz der \u201eTAG Wohnen Nachwuchs Bahncup\u201c.<\/p>\n\n\n\n<p>Die um 10.30 Uhr beginnende Vorleseveranstaltung \u201eB\u00fccher bei\u00dfen nicht\u201d richtet sich an Kinder ab einem Alter von vier Jahren, gern mit Eltern, Gro\u00dfeltern oder Geschwistern. Die vorgestellten B\u00fccher sind kurz und oft reich bebildert. Meist handelt es sich um 15-Minuten-Geschichten, bei denen die Kinder mit einbezogen werden, wobei das gemeinsame Betrachtung der Illustrationen einen wichtigen Platz einnimmt. Aus welchem Buch gelesen wird, k\u00f6nnen interessierte Eltern in der Kinderbibliothek erfahren. Es gibt auch eine Monats\u00fcbersicht zum Mitnehmen \u2014 oder aber man l\u00e4sst sich \u00fcberraschen. Denn eines ist gewiss: Vorlesen fasziniert, fesselt, verzaubert und die kleinen Leseratten k\u00f6nnen manches Mal nicht genug bekommen. Eine farbige Kennzeichnung der B\u00fccher in der Kinderbibliothek weist darauf hin, f\u00fcr welches Alter die B\u00fccher geeignet sind.<\/p>\n\n\n\n<p>Emma Allestein, eine der erfolgreichsten Kochbuchautorinnen Deutschlands vergangener Zeiten, l\u00e4dt von 10.45 Uhr bis 13.45 Uhr zu einem kulinarischen Spaziergang durch Gersche Gassen ein, beginnend auf dem Marktplatz. Veranstalter ist der Verein G\u00e4stef\u00fchrer Region Gera.<\/p>\n\n\n\n<p>Im Stadtmuseum kann von 11 bis 17 Uhr die Ostereierausstellung besichtigt werden.<\/p>\n\n\n\n<p>Die Gastst\u00e4tte Waldhaus in der Hofer Stra\u00dfe 2 A l\u00e4dt von 11 Uhr bis 20 Uhr zu einer Feier anl\u00e4sslich der Er\u00f6ffnung des Biergartens ein. Damit beginnt im Anwesen die Biergartensaison. Angeboten werden Kaffee und Kuchen, Eis, Spanferkel, Bier und alkoholfreie Getr\u00e4nke.<\/p>\n\n\n\n<p>Die IV. NPC Bodybuilding-Show im Kultur- und Kongresszentrum ist ein regionaler Wettbewerb f\u00fcr M\u00e4nner und Frauen im Bodybuilding. M\u00f6glich ist eine Qualifikation auf nationaler und internationaler Ebene.<\/p>\n\n\n\n<p>In der Zeit von 14 Uhr bis 23 Uhr laden die Schausteller auf dem Hofwiesenparkplatz Kinder und Erwachsene zum Fr\u00fchlingsvolksfest ein.<\/p>\n\n\n\n<p>Um 14 Uhr beginnt eine \u00f6ffentliche F\u00fchrung durch die H\u00f6hler. Sie dauert etwa 45 Minuten und kostet sechs bzw. vier Euro pro Person. Die Teilnahme ist auf maximal 20 Personen begrenzt. Die F\u00fchrungen richten sich vor allem an Individualbesucher; Gruppen k\u00f6nnen mit bis zu zehn Personen teilnehmen.<\/p>\n\n\n\n<p>In der Lusaner Stadtteilbibliothek findet einmal im Monat ein \u00f6ffentlicher Spielabend in Kooperation mit dem Spieletreff Gera e. V. statt. Teilnehmen k\u00f6nnen Erwachsene und Jugendliche ab 14 Jahren. Damit sich Spielgruppen zusammenfinden k\u00f6nnen, wird um ein Erscheinen zwischen 14 Uhr und 18.30 Uhr gebeten. Die Veranstaltung ist kostenfrei; eine Anmeldung ist nicht erforderlich.<\/p>\n\n\n\n<p>Was zun\u00e4chst \u00fcberrascht, erschlie\u00dft sich bei genauerem Hinsehen. Die Architektur Andrea Palladios wirkte weit \u00fcber Italien hinaus und beeinflusste auch die Bauten des Historismus in Gera. Bei einer anderthalbst\u00fcndigen Tour k\u00f6nnen die Teilnehmer entdecken, wie italienische Bauideen bis heute das Stadtbild pr\u00e4gen. Treffpunkt ist das Rutheneum um 14 Uhr.<\/p>\n\n\n\n<p>Gro\u00dfaga l\u00e4dt zum Dorffest auf den Marktplatz ein. Ab 14 Uhr wird dort der Maibaum gesetzt.<\/p>\n\n\n\n<p>Um 15 Uhr wird im Stadion am Steg das Fu\u00dfballspiel der Mannschaft BSG Wismut gegen den FSV Preu\u00dfen angepfiffen.<\/p>\n\n\n\n<p>In Thr\u00e4nitz findet von 15 Uhr bis 20 Uhr ein Fr\u00fchlingsfest statt. Die \u00f6rtliche Feuerwehr setzt den Maibaum.<\/p>\n\n\n\n<p>Das Caf\u00e9 \u201eSweet Note\u201c im Haus Nicolaiberg 5 A l\u00e4dt von 15 Uhr bis 18 Uhr zur Veranstaltung \u201eMusik und Kaffee\u201c ein.<\/p>\n\n\n\n<p>Alle Kinder und Jugendlichen im Alter von elf bis 16 Jahren sind von 16 Uhr bis 20 Uhr zur gro\u00dfen Teenie-Party in die Diskothek \u201eMusic Hall\u201c Heinrichstra\u00dfe 49 eingeladen.<\/p>\n\n\n\n<p>Ab 20 Uhr erwartet die Besucher im Comma ein besonderes Klavierkonzert f\u00fcr Liebhaber der britischen Synthi-Pop\/Rock Legende Depeche Mode, gespielt von Thilo B\u00f6hnisch.<\/p>\n\n\n\n<p>Von 20 Uhr bis 22 Uhr ist im Rathauskeller das Kabarettst\u00fcck \u201eBei dir piekt\u2019s wohl?\u201c mit Nadine Herrmann und Wiebke Rohloff zu erleben.<\/p>\n\n\n\n<p>Um 21 Uhr \u00f6ffnet die Diskothek \u201eQuisisana\u201c f\u00fcr G\u00e4ste ab einem Alter von zwanzig Jahren. Die \u201eMusic Hall\u201c in der Heinrichstra\u00dfe 49 l\u00e4sst mit dem sogenannten Muttizettel und einer aufsichtsberechtigten Begleitperson bereits G\u00e4ste ab einem Alter von 16 Jahren ein.<\/p>\n","protected":false},"excerpt":{"rendered":"<div class=\"mh-excerpt\"><p>In der Panndorfhalle beginnen um 8 Uhr die Fu\u00dfball- und Volleyballspiele der Betriebssportgemeinschaft der Bundesversicherungsanstalt f\u00fcr Angestellte. Der Heimatverein Gera-D\u00fcrrenebersdorf e. V. l\u00e4dt zum 14. Wandertag ein. Treffpunkt ist der Spielplatz der Generationen in D\u00fcrrenebersdorf. <a class=\"mh-excerpt-more\" href=\"https:\/\/www.studiogera.de\/001\/2026\/04\/25\/veranstaltungen-am-samstag-142\/\" title=\"VERANSTALTUNGEN AM SAMSTAG\">[&#8230;]<\/a><\/p>\n<\/div>","protected":false},"author":2,"featured_media":42273,"comment_status":"open","ping_status":"open","sticky":false,"template":"","format":"standard","meta":{"footnotes":""},"categories":[16],"tags":[],"class_list":{"0":"post-42355","1":"post","2":"type-post","3":"status-publish","4":"format-standard","5":"has-post-thumbnail","7":"category-kurzmitteilungen"},"_links":{"self":[{"href":"https:\/\/www.studiogera.de\/001\/wp-json\/wp\/v2\/posts\/42355","targetHints":{"allow":["GET"]}}],"collection":[{"href":"https:\/\/www.studiogera.de\/001\/wp-json\/wp\/v2\/posts"}],"about":[{"href":"https:\/\/www.studiogera.de\/001\/wp-json\/wp\/v2\/types\/post"}],"author":[{"embeddable":true,"href":"https:\/\/www.studiogera.de\/001\/wp-json\/wp\/v2\/users\/2"}],"replies":[{"embeddable":true,"href":"https:\/\/www.studiogera.de\/001\/wp-json\/wp\/v2\/comments?post=42355"}],"version-history":[{"count":9,"href":"https:\/\/www.studiogera.de\/001\/wp-json\/wp\/v2\/posts\/42355\/revisions"}],"predecessor-version":[{"id":42364,"href":"https:\/\/www.studiogera.de\/001\/wp-json\/wp\/v2\/posts\/42355\/revisions\/42364"}],"wp:featuredmedia":[{"embeddable":true,"href":"https:\/\/www.studiogera.de\/001\/wp-json\/wp\/v2\/media\/42273"}],"wp:attachment":[{"href":"https:\/\/www.studiogera.de\/001\/wp-json\/wp\/v2\/media?parent=42355"}],"wp:term":[{"taxonomy":"category","embeddable":true,"href":"https:\/\/www.studiogera.de\/001\/wp-json\/wp\/v2\/categories?post=42355"},{"taxonomy":"post_tag","embeddable":true,"href":"https:\/\/www.studiogera.de\/001\/wp-json\/wp\/v2\/tags?post=42355"}],"curies":[{"name":"wp","href":"https:\/\/api.w.org\/{rel}","templated":true}]}}