{"id":42365,"date":"2026-04-26T06:42:22","date_gmt":"2026-04-26T04:42:22","guid":{"rendered":"https:\/\/www.studiogera.de\/001\/?p=42365"},"modified":"2026-04-26T06:42:24","modified_gmt":"2026-04-26T04:42:24","slug":"veranstaltungen-am-sonntag-126","status":"publish","type":"post","link":"https:\/\/www.studiogera.de\/001\/2026\/04\/26\/veranstaltungen-am-sonntag-126\/","title":{"rendered":"VERANSTALTUNGEN AM SONNTAG"},"content":{"rendered":"\n<p>In der Panndorfhalle beginnen um 8 Uhr die Fu\u00dfball- und Volleyballspiele der Betriebssportgemeinschaft der Bundesversicherungsanstalt f\u00fcr Angestellte. Es ist der zweite Veranstaltungstag.<\/p>\n\n\n\n<p>Im Stadtmuseum kann von 11 bis 17 Uhr die Ostereierausstellung besichtigt werden.<\/p>\n\n\n\n<p>Die dritte Fu\u00dfballm\u00e4nnermannschaft der Ballsportgemeinschaft Wismut spielt ab 12.30 Uhr im Stadion am Steg gegen die zweite Mannschaft des SV Langenberg.<\/p>\n\n\n\n<p>Von 14 Uhr bis 16 Uhr ist im Rathauskeller das Kabarettst\u00fcck \u201eBei dir piekt\u2019s wohl?\u201c mit Nadine Herrmann und Wiebke Rohloff zu erleben.<\/p>\n\n\n\n<p>Um 14 Uhr beginnt eine \u00f6ffentliche F\u00fchrung durch die H\u00f6hler. Sie dauert etwa 45 Minuten und kostet sechs bzw. vier Euro pro Person. Die Teilnahme ist auf maximal 20 Personen begrenzt. Die F\u00fchrungen richten sich vor allem an Individualbesucher; Gruppen k\u00f6nnen mit bis zu zehn Personen teilnehmen.<\/p>\n\n\n\n<p>Von 14 Uhr bis 22 Uhr laden die Schausteller auf dem Hofwiesenparkplatz zum Fr\u00fchlingsvolksfest ein.<\/p>\n\n\n\n<p>Im Otto-Dix-Haus beginnt um 15 Uhr eine Sonntagsf\u00fchrung durch die Ausstellung \u201eWie Hund und Katze\u201c. Gezeigt und erkl\u00e4rt werden Tierdarstellungen aus der Kunstsammlung Gera.<\/p>\n\n\n\n<p>Im Stadion am Steg wird um 15 Uhr das Fu\u00dfballspiel der Ballsportgemeinschaft Wismut Gera II gegen die Mannschaft aus R\u00fcdersdorf angepfiffen.<\/p>\n\n\n\n<p>Um 18 Uhr werden im Hofwiesenbad die Wasserball-Punktespiele er\u00f6ffnet. Das Sportbecken ist deshalb von 17 Uhr bis 18 Uhr f\u00fcr Badeg\u00e4ste gesperrt.<\/p>\n\n\n\n<p>Geschichten, die das Leben schreiben w\u00fcrde, pr\u00e4sentiert das Kom\u00f6dianten-Duo \u201eDie Feisten\u201c von 19 Uhr bis 21.30 Uhr im Kultur- und Kongresszentrum.<\/p>\n","protected":false},"excerpt":{"rendered":"<div class=\"mh-excerpt\"><p>In der Panndorfhalle beginnen um 8 Uhr die Fu\u00dfball- und Volleyballspiele der Betriebssportgemeinschaft der Bundesversicherungsanstalt f\u00fcr Angestellte. Es ist der zweite Veranstaltungstag. Im Stadtmuseum kann von 11 bis 17 Uhr die Ostereierausstellung besichtigt werden. Die <a class=\"mh-excerpt-more\" href=\"https:\/\/www.studiogera.de\/001\/2026\/04\/26\/veranstaltungen-am-sonntag-126\/\" title=\"VERANSTALTUNGEN AM SONNTAG\">[&#8230;]<\/a><\/p>\n<\/div>","protected":false},"author":2,"featured_media":42278,"comment_status":"open","ping_status":"open","sticky":false,"template":"","format":"standard","meta":{"footnotes":""},"categories":[16],"tags":[],"class_list":{"0":"post-42365","1":"post","2":"type-post","3":"status-publish","4":"format-standard","5":"has-post-thumbnail","7":"category-kurzmitteilungen"},"_links":{"self":[{"href":"https:\/\/www.studiogera.de\/001\/wp-json\/wp\/v2\/posts\/42365","targetHints":{"allow":["GET"]}}],"collection":[{"href":"https:\/\/www.studiogera.de\/001\/wp-json\/wp\/v2\/posts"}],"about":[{"href":"https:\/\/www.studiogera.de\/001\/wp-json\/wp\/v2\/types\/post"}],"author":[{"embeddable":true,"href":"https:\/\/www.studiogera.de\/001\/wp-json\/wp\/v2\/users\/2"}],"replies":[{"embeddable":true,"href":"https:\/\/www.studiogera.de\/001\/wp-json\/wp\/v2\/comments?post=42365"}],"version-history":[{"count":1,"href":"https:\/\/www.studiogera.de\/001\/wp-json\/wp\/v2\/posts\/42365\/revisions"}],"predecessor-version":[{"id":42366,"href":"https:\/\/www.studiogera.de\/001\/wp-json\/wp\/v2\/posts\/42365\/revisions\/42366"}],"wp:featuredmedia":[{"embeddable":true,"href":"https:\/\/www.studiogera.de\/001\/wp-json\/wp\/v2\/media\/42278"}],"wp:attachment":[{"href":"https:\/\/www.studiogera.de\/001\/wp-json\/wp\/v2\/media?parent=42365"}],"wp:term":[{"taxonomy":"category","embeddable":true,"href":"https:\/\/www.studiogera.de\/001\/wp-json\/wp\/v2\/categories?post=42365"},{"taxonomy":"post_tag","embeddable":true,"href":"https:\/\/www.studiogera.de\/001\/wp-json\/wp\/v2\/tags?post=42365"}],"curies":[{"name":"wp","href":"https:\/\/api.w.org\/{rel}","templated":true}]}}