{"id":42367,"date":"2026-04-26T22:40:12","date_gmt":"2026-04-26T20:40:12","guid":{"rendered":"https:\/\/www.studiogera.de\/001\/?p=42367"},"modified":"2026-04-26T22:40:14","modified_gmt":"2026-04-26T20:40:14","slug":"tierfotografien-in-der-stadtbibliothek","status":"publish","type":"post","link":"https:\/\/www.studiogera.de\/001\/2026\/04\/26\/tierfotografien-in-der-stadtbibliothek\/","title":{"rendered":"TIERFOTOGRAFIEN IN DER STADTBIBLIOTHEK"},"content":{"rendered":"\n<p>Die Stadt- und Regionalbibliothek Gera pr\u00e4sentiert seit Montag, den 13. April 2026, in ihrer Galerie Tierfotografien vom Verein Lichtbildkombinat Gera. Im Text zur Ausstellung hei\u00dft es:<\/p>\n\n\n\n<blockquote class=\"wp-block-quote is-layout-flow wp-block-quote-is-layout-flow\">\n<p>\u201eTiere begleiten uns \u2013 als stille Beobachter, treue Gef\u00e4hrten oder fl\u00fcchtige Begegnungen am Wegesrand. Die Ausstellung &#8218;Fell\u200a,\u200aFedern\u200a,\u200aF\u00fchler&#8216; des Lichtbildkombinat Gera e. V. l\u00e4dt dazu ein, diese besonderen Momente durch unsere Augen zu erleben.\u201c<\/p>\n<\/blockquote>\n\n\n\n<p>F\u00fcr die gezeigten Tierfotografien waren die Mitglieder des Vereins in Zoos und Tierparks unterwegs, sind \u00fcber Wiesen gekrochen, haben geduldig im Gras gelegen und gewartet, bis sie ganz kleine Motive in Szene setzen konnten. Sie haben Tiere vor der Haust\u00fcr entdeckt \u2013 auf dem Dorf ebenso wie mitten in der Stadt. Und nicht zuletzt standen auch eigene Fellkinder vor der Kamera, mal verspielt, mal stolz, aber immer ganz sie selbst. Jedes Bild erz\u00e4hlt seine eigene Geschichte \u2013 von N\u00e4he und Vertrauen, von Neugier und Wildheit, von kleinen und gro\u00dfen Pers\u00f6nlichkeiten. Diese Ausstellung ist damit auch eine Einladung, genauer hinzusehen und die Vielfalt, Sch\u00f6nheit und den Charakter der Tiere neu zu entdecken.<\/p>\n\n\n\n<p>Der Lichtbildkombinat Gera e. V. ist ein Fotoclub f\u00fcr Hobby- und Profifotografen aus Gera und Umgebung. Treffen finden w\u00f6chentlich am Montag statt. Gemeinsam geht es darum, neue Horizonte der Fotografie zu entdecken. Dazu verf\u00fcgt der Verein \u00fcber ein eigenes Studio, in dem konzeptionell und handwerklich gearbeitet wird. Im Jahr 2025 feierte das Lichtbildkombinat Gera sein zwanzigj\u00e4hriges Bestehen.<\/p>\n\n\n\n<p>Zu sehen ist die Ausstellung bis zum 28. Mai 2026 zu den \u00d6ffnungszeiten der Bibliothek. Der Eintritt ist frei.<\/p>\n\n\n\n<p>QUELLE: STADTVERWALTUNG<\/p>\n","protected":false},"excerpt":{"rendered":"<div class=\"mh-excerpt\"><p>Die Stadt- und Regionalbibliothek Gera pr\u00e4sentiert seit Montag, den 13. April 2026, in ihrer Galerie Tierfotografien vom Verein Lichtbildkombinat Gera. Im Text zur Ausstellung hei\u00dft es: \u201eTiere begleiten uns \u2013 als stille Beobachter, treue Gef\u00e4hrten <a class=\"mh-excerpt-more\" href=\"https:\/\/www.studiogera.de\/001\/2026\/04\/26\/tierfotografien-in-der-stadtbibliothek\/\" title=\"TIERFOTOGRAFIEN IN DER STADTBIBLIOTHEK\">[&#8230;]<\/a><\/p>\n<\/div>","protected":false},"author":2,"featured_media":42368,"comment_status":"open","ping_status":"open","sticky":false,"template":"","format":"standard","meta":{"footnotes":""},"categories":[8],"tags":[],"class_list":{"0":"post-42367","1":"post","2":"type-post","3":"status-publish","4":"format-standard","5":"has-post-thumbnail","7":"category-kultur"},"_links":{"self":[{"href":"https:\/\/www.studiogera.de\/001\/wp-json\/wp\/v2\/posts\/42367","targetHints":{"allow":["GET"]}}],"collection":[{"href":"https:\/\/www.studiogera.de\/001\/wp-json\/wp\/v2\/posts"}],"about":[{"href":"https:\/\/www.studiogera.de\/001\/wp-json\/wp\/v2\/types\/post"}],"author":[{"embeddable":true,"href":"https:\/\/www.studiogera.de\/001\/wp-json\/wp\/v2\/users\/2"}],"replies":[{"embeddable":true,"href":"https:\/\/www.studiogera.de\/001\/wp-json\/wp\/v2\/comments?post=42367"}],"version-history":[{"count":1,"href":"https:\/\/www.studiogera.de\/001\/wp-json\/wp\/v2\/posts\/42367\/revisions"}],"predecessor-version":[{"id":42369,"href":"https:\/\/www.studiogera.de\/001\/wp-json\/wp\/v2\/posts\/42367\/revisions\/42369"}],"wp:featuredmedia":[{"embeddable":true,"href":"https:\/\/www.studiogera.de\/001\/wp-json\/wp\/v2\/media\/42368"}],"wp:attachment":[{"href":"https:\/\/www.studiogera.de\/001\/wp-json\/wp\/v2\/media?parent=42367"}],"wp:term":[{"taxonomy":"category","embeddable":true,"href":"https:\/\/www.studiogera.de\/001\/wp-json\/wp\/v2\/categories?post=42367"},{"taxonomy":"post_tag","embeddable":true,"href":"https:\/\/www.studiogera.de\/001\/wp-json\/wp\/v2\/tags?post=42367"}],"curies":[{"name":"wp","href":"https:\/\/api.w.org\/{rel}","templated":true}]}}