{"id":42370,"date":"2026-04-26T22:40:23","date_gmt":"2026-04-26T20:40:23","guid":{"rendered":"https:\/\/www.studiogera.de\/001\/?p=42370"},"modified":"2026-04-26T22:40:24","modified_gmt":"2026-04-26T20:40:24","slug":"obm-besucht-innovative-unternehmensgruppe","status":"publish","type":"post","link":"https:\/\/www.studiogera.de\/001\/2026\/04\/26\/obm-besucht-innovative-unternehmensgruppe\/","title":{"rendered":"OBM BESUCHT INNOVATIVE UNTERNEHMENSGRUPPE"},"content":{"rendered":"\n<p>Geras Oberb\u00fcrgermeister Kurt Dannenberg besuchte gemeinsam mit Wirtschaftsf\u00f6rderer Thorsten Quackatz Ende M\u00e4rz die Unternehmensgruppe ad hoc, um die beeindruckende Entwicklung und die zukunftsweisenden Projekte des Geraer Unternehmens pers\u00f6nlich zu w\u00fcrdigen. Die Unternehmensgruppe hat sich in den letzten Jahren als Vorreiter in den Bereichen Digitalisierung und nachhaltige Unternehmensentwicklung im Immobilienmanagement entwickelt. Das Unternehmen setzt auf eine klare Vision, modernste Technologien und hoch engagierte Mitarbeiter, um branchen\u00fcbergreifend neue Ma\u00dfst\u00e4be bei Dienstleistungen rund um die Immobilie zu setzen. Dabei legt ad hoc auch gro\u00dfen Wert auf \u00f6kologische Nachhaltigkeit, indem beispielsweise ressourcenschonende Technologien in die Prozesse integriert und digitale L\u00f6sungen entwickelt werden, die umweltfreundliche Praktiken f\u00f6rdern.\u202f<\/p>\n\n\n\n<p>Besonders hervorzuheben ist die k\u00fcrzlich vorgestellte innovative Plattform in Form einer App, die durch intelligente Automatisierung und datengetriebene Prozesse die Effizienz f\u00fcr die Mieter deutlich steigert. Die App ist darauf ausgelegt, Prozesse zu automatisieren, Daten effizient zu verwalten und Mieter sowie Verwalter durch eine benutzerfreundliche Oberfl\u00e4che zu unterst\u00fctzen. Die Inhouse-Entwicklung dieser systemischen Anwendungen zeigt, wie Gera durch innovative L\u00f6sungen und K\u00f6pfe seine Position als zukunftsorientierter Wirtschaftsstandort st\u00e4rken kann.<\/p>\n\n\n\n<p>Oberb\u00fcrgermeister Dannenberg sagte w\u00e4hrend seines Besuchs:<\/p>\n\n\n\n<blockquote class=\"wp-block-quote is-layout-flow wp-block-quote-is-layout-flow\">\n<p>\u201eDieses Unternehmen zeigt, wie Gera durch kreative Ideen und technologische Fortschritte eine f\u00fchrende Rolle in der Wirtschaft einnimmt. Wir unterst\u00fctzen die Entwicklung solcher zukunftsorientierten Firmen, weil sie den Wirtschaftsstandort st\u00e4rken und attraktive Arbeitspl\u00e4tze f\u00fcr Gera und die Region schaffen.\u201c<\/p>\n<\/blockquote>\n\n\n\n<p>Der Besuch bei ad hoc unterstreicht das Engagement der Stadt Gera, innovative Unternehmen zu f\u00f6rdern und eine lebendige, zukunftssichere Wirtschaft zu gestalten. Die Zusammenarbeit mit ad hoc soll auch in Zukunft weiter ausgebaut werden, um gemeinsam die Wirtschaftskraft der Region zu st\u00e4rken und neue zukunftsweisende Projekte voranzutreiben.<\/p>\n\n\n\n<p>Saskia Beyer, Mitglied des Vorstandes der ad hoc Gruppe, betont:<\/p>\n\n\n\n<blockquote class=\"wp-block-quote is-layout-flow wp-block-quote-is-layout-flow\">\n<p>\u201eGera ist f\u00fcr uns mehr als ein Standort. Hier liegen unsere Wurzeln und hier wollen wir uns auch weiterentwickeln. Wir arbeiten eng mit der Stadt Gera zusammen, um weiter zu wachsen und langfristig Perspektiven f\u00fcr die Menschen sowie die Wirtschaft vor Ort schaffen zu k\u00f6nnen.\u201c<\/p>\n<\/blockquote>\n\n\n\n<p>Die Stadt sieht in der engen Zusammenarbeit mit lokalen Firmen eine wichtige Voraussetzung, um Gera als Standort f\u00fcr Innovation, Nachhaltigkeit und wirtschaftlichen Fortschritt weiter auszubauen. Durch die Unterst\u00fctzung und Vernetzung solcher Unternehmen wird Gera zunehmend als Standort f\u00fcr technologische Innovation und nachhaltiges Wachstum sichtbar \u2013 dies setzt positive Impulse f\u00fcr die gesamte Region.<\/p>\n\n\n\n<p>QUELLE: STADTVERWALTUNG<\/p>\n","protected":false},"excerpt":{"rendered":"<div class=\"mh-excerpt\"><p>Geras Oberb\u00fcrgermeister Kurt Dannenberg besuchte gemeinsam mit Wirtschaftsf\u00f6rderer Thorsten Quackatz Ende M\u00e4rz die Unternehmensgruppe ad hoc, um die beeindruckende Entwicklung und die zukunftsweisenden Projekte des Geraer Unternehmens pers\u00f6nlich zu w\u00fcrdigen. Die Unternehmensgruppe hat sich in <a class=\"mh-excerpt-more\" href=\"https:\/\/www.studiogera.de\/001\/2026\/04\/26\/obm-besucht-innovative-unternehmensgruppe\/\" title=\"OBM BESUCHT INNOVATIVE UNTERNEHMENSGRUPPE\">[&#8230;]<\/a><\/p>\n<\/div>","protected":false},"author":2,"featured_media":42371,"comment_status":"open","ping_status":"open","sticky":false,"template":"","format":"standard","meta":{"footnotes":""},"categories":[4],"tags":[],"class_list":{"0":"post-42370","1":"post","2":"type-post","3":"status-publish","4":"format-standard","5":"has-post-thumbnail","7":"category-wirtschaft"},"_links":{"self":[{"href":"https:\/\/www.studiogera.de\/001\/wp-json\/wp\/v2\/posts\/42370","targetHints":{"allow":["GET"]}}],"collection":[{"href":"https:\/\/www.studiogera.de\/001\/wp-json\/wp\/v2\/posts"}],"about":[{"href":"https:\/\/www.studiogera.de\/001\/wp-json\/wp\/v2\/types\/post"}],"author":[{"embeddable":true,"href":"https:\/\/www.studiogera.de\/001\/wp-json\/wp\/v2\/users\/2"}],"replies":[{"embeddable":true,"href":"https:\/\/www.studiogera.de\/001\/wp-json\/wp\/v2\/comments?post=42370"}],"version-history":[{"count":1,"href":"https:\/\/www.studiogera.de\/001\/wp-json\/wp\/v2\/posts\/42370\/revisions"}],"predecessor-version":[{"id":42372,"href":"https:\/\/www.studiogera.de\/001\/wp-json\/wp\/v2\/posts\/42370\/revisions\/42372"}],"wp:featuredmedia":[{"embeddable":true,"href":"https:\/\/www.studiogera.de\/001\/wp-json\/wp\/v2\/media\/42371"}],"wp:attachment":[{"href":"https:\/\/www.studiogera.de\/001\/wp-json\/wp\/v2\/media?parent=42370"}],"wp:term":[{"taxonomy":"category","embeddable":true,"href":"https:\/\/www.studiogera.de\/001\/wp-json\/wp\/v2\/categories?post=42370"},{"taxonomy":"post_tag","embeddable":true,"href":"https:\/\/www.studiogera.de\/001\/wp-json\/wp\/v2\/tags?post=42370"}],"curies":[{"name":"wp","href":"https:\/\/api.w.org\/{rel}","templated":true}]}}