{"id":42373,"date":"2026-04-26T22:40:54","date_gmt":"2026-04-26T20:40:54","guid":{"rendered":"https:\/\/www.studiogera.de\/001\/?p=42373"},"modified":"2026-04-26T22:40:56","modified_gmt":"2026-04-26T20:40:56","slug":"obm-besucht-firma-max-boegl","status":"publish","type":"post","link":"https:\/\/www.studiogera.de\/001\/2026\/04\/26\/obm-besucht-firma-max-boegl\/","title":{"rendered":"OBM BESUCHT FIRMA MAX B\u00d6GL"},"content":{"rendered":"\n<p>Mitte April 2026 besuchten Geras Oberb\u00fcrgermeister Kurt Dannenberg und der neue Gesch\u00e4ftsf\u00fchrer der Gesellschaft f\u00fcr Wirtschaft und Tourismus Randolf Margull den Geraer Standort der Firmengruppe Max B\u00f6gl. Vorangegangen war eine Einladung zur Betriebsversammlung Anfang des Jahres. Dort richtete der Oberb\u00fcrgermeister Gru\u00dfworte an die Belegschaft sowie an die Unternehmensvertreter Johann B\u00f6gl und Michael B\u00f6gl. Er betonte die positive wirtschaftliche Entwicklung Geras, verwies auf aktuelle Investitionen der Stadt \u2013 insbesondere in Bauprojekte, Infrastruktur und erneuerbare Energien \u2013 und dankte dem Unternehmen f\u00fcr seine langj\u00e4hrige Bedeutung als verl\u00e4sslicher Arbeitgeber in der Region.<\/p>\n\n\n\n<p>W\u00e4hrend des mehrst\u00fcndigen Rundgangs am Standort tauschten sich der Oberb\u00fcrgermeister, Unternehmensvertreter und der Betriebsrat intensiv zu zentralen Zukunftsthemen wie Nachhaltigkeit, Wachstum, Fachkr\u00e4ftesicherung und Arbeitssicherheit aus. Der Oberb\u00fcrgermeister res\u00fcmierte:<\/p>\n\n\n\n<blockquote class=\"wp-block-quote is-layout-flow wp-block-quote-is-layout-flow\">\n<p>\u201eDie Stadt Gera sch\u00e4tzt die Firmenphilosophie von Max B\u00f6gl, die auf Verantwortungsbewusstsein gegen\u00fcber Mitarbeitenden, Umwelt und Gesellschaft basiert. Das Unternehmen investiert kontinuierlich in die Ausbildung junger Fachkr\u00e4fte, f\u00f6rdert Innovationen und setzt auf systemisches, nachhaltiges Bauen, um Ressourcen effizient zu nutzen und umweltfreundliche Baukonzepte zu entwickeln. Diese Herangehensweise st\u00e4rkt nicht nur den Standort Gera, sondern tr\u00e4gt auch zur nachhaltigen Entwicklung der gesamten Region bei.\u201c<\/p>\n<\/blockquote>\n\n\n\n<p>Seit \u00dcbernahme des Standortes durch die Firmengruppe Max B\u00f6gl im Jahr 1991 ist Gera ein integraler Standort, der mit etwa 550 Mitarbeitern eine zentrale Rolle in der regionalen Wirtschaft spielt. Jens B\u00f6gl, kaufm\u00e4nnischer Leiter der Produktion, berichtet:<\/p>\n\n\n\n<blockquote class=\"wp-block-quote is-layout-flow wp-block-quote-is-layout-flow\">\n<p>\u201eUnser Fertigteilwerk in Gera zeichnet sich durch eine hohe Wertsch\u00f6pfungstiefe aus und hat sich als innovativer Produktionsstandort etabliert, der ma\u00dfgeblich zur Bauwirtschaft und Energiewende beitr\u00e4gt.\u201c<\/p>\n<\/blockquote>\n\n\n\n<p>Die Firmengruppe Max B\u00f6gl verfolgt konsequent einen Ansatz des systemischen Bauens, bei dem intelligente und ganzheitliche L\u00f6sungen im Mittelpunkt stehen. Diese Philosophie pr\u00e4gt die Unternehmenskultur und zeigt sich in kontinuierlicher Innovation sowie einer Ausrichtung auf eine nachhaltige Zukunft. Das Fertigteilwerk spielt dabei eine zentrale Rolle, da moderne Technik und Automatisierung Qualit\u00e4t sowie Flexibilit\u00e4t sichern. Die Region profitiert seit Jahren von Investitionen in moderne Produktionsverfahren und Infrastruktur, was die Wettbewerbsf\u00e4higkeit st\u00e4rkt und Gera als innovativen Standort festigt.<\/p>\n\n\n\n<p>Die Standortleitung berichtete von einem erfolgreichen Jahr mit vielf\u00e4ltigen Bauprojekten, hoher Auslastung und enger Zusammenarbeit aller Abteilungen. Die Herausforderungen im Fachkr\u00e4ftesektor werden aktiv angegangen, etwa durch innovative Rekrutierungsma\u00dfnahmen und die Ausbildung junger Talente. Im Rahmen der Betriebsversammlung berichtete auch der Betriebsrat \u00fcber seine Arbeitsschwerpunkte, insbesondere zu den Themen Arbeitssicherheit, Fachkr\u00e4ftesicherung, Zusammenarbeit mit den Besch\u00e4ftigten im Betriebsbereich sowie \u00fcber gemeinsame Aktionen und soziale Initiativen zugunsten der Belegschaft und regionaler Einrichtungen. Die Jugendvertretung stellte zudem erfolgreiche Initiativen \u2013 wie Azubiversammlungen, Beratungsangebote und Projekte zur Weiterentwicklung der Ausbildungsqualit\u00e4t \u2013 vor.<\/p>\n\n\n\n<p>Zudem teilten die Gespr\u00e4chspartner Schwerpunkte aus den Gesch\u00e4ftsbericht 2025: Die Mitarbeiterzahl des Gesamtunternehmens stieg auf \u00fcber 7000, was auch die Attraktivit\u00e4t des Standorts Gera und die Wettbewerbsf\u00e4higkeit unterstreicht. Investitionen in innovative Verfahren, nachhaltige Bauprojekte sowie Energiekonzepte trugen ma\u00dfgeblich zum Erfolg bei. Oberb\u00fcrgermeister Dannenberg hob mehrfach die positive wirtschaftliche Entwicklung hervor und w\u00fcrdigte die zukunftsweisenden Projekte des Unternehmens, insbesondere im Bereich Energiewende sowie nachhaltiges Bauen, und freue sich auf die weitere Kooperation.<\/p>\n\n\n\n<p>QUELLE: STADTVERWALTUNG<\/p>\n","protected":false},"excerpt":{"rendered":"<div class=\"mh-excerpt\"><p>Mitte April 2026 besuchten Geras Oberb\u00fcrgermeister Kurt Dannenberg und der neue Gesch\u00e4ftsf\u00fchrer der Gesellschaft f\u00fcr Wirtschaft und Tourismus Randolf Margull den Geraer Standort der Firmengruppe Max B\u00f6gl. Vorangegangen war eine Einladung zur Betriebsversammlung Anfang des <a class=\"mh-excerpt-more\" href=\"https:\/\/www.studiogera.de\/001\/2026\/04\/26\/obm-besucht-firma-max-boegl\/\" title=\"OBM BESUCHT FIRMA MAX B\u00d6GL\">[&#8230;]<\/a><\/p>\n<\/div>","protected":false},"author":2,"featured_media":42374,"comment_status":"open","ping_status":"open","sticky":false,"template":"","format":"standard","meta":{"footnotes":""},"categories":[4],"tags":[],"class_list":{"0":"post-42373","1":"post","2":"type-post","3":"status-publish","4":"format-standard","5":"has-post-thumbnail","7":"category-wirtschaft"},"_links":{"self":[{"href":"https:\/\/www.studiogera.de\/001\/wp-json\/wp\/v2\/posts\/42373","targetHints":{"allow":["GET"]}}],"collection":[{"href":"https:\/\/www.studiogera.de\/001\/wp-json\/wp\/v2\/posts"}],"about":[{"href":"https:\/\/www.studiogera.de\/001\/wp-json\/wp\/v2\/types\/post"}],"author":[{"embeddable":true,"href":"https:\/\/www.studiogera.de\/001\/wp-json\/wp\/v2\/users\/2"}],"replies":[{"embeddable":true,"href":"https:\/\/www.studiogera.de\/001\/wp-json\/wp\/v2\/comments?post=42373"}],"version-history":[{"count":1,"href":"https:\/\/www.studiogera.de\/001\/wp-json\/wp\/v2\/posts\/42373\/revisions"}],"predecessor-version":[{"id":42375,"href":"https:\/\/www.studiogera.de\/001\/wp-json\/wp\/v2\/posts\/42373\/revisions\/42375"}],"wp:featuredmedia":[{"embeddable":true,"href":"https:\/\/www.studiogera.de\/001\/wp-json\/wp\/v2\/media\/42374"}],"wp:attachment":[{"href":"https:\/\/www.studiogera.de\/001\/wp-json\/wp\/v2\/media?parent=42373"}],"wp:term":[{"taxonomy":"category","embeddable":true,"href":"https:\/\/www.studiogera.de\/001\/wp-json\/wp\/v2\/categories?post=42373"},{"taxonomy":"post_tag","embeddable":true,"href":"https:\/\/www.studiogera.de\/001\/wp-json\/wp\/v2\/tags?post=42373"}],"curies":[{"name":"wp","href":"https:\/\/api.w.org\/{rel}","templated":true}]}}