{"id":42376,"date":"2026-04-26T22:47:42","date_gmt":"2026-04-26T20:47:42","guid":{"rendered":"https:\/\/www.studiogera.de\/001\/?p=42376"},"modified":"2026-04-26T22:47:43","modified_gmt":"2026-04-26T20:47:43","slug":"ballettklassiker-romeo-und-julia-ab-8-mai-2026","status":"publish","type":"post","link":"https:\/\/www.studiogera.de\/001\/2026\/04\/26\/ballettklassiker-romeo-und-julia-ab-8-mai-2026\/","title":{"rendered":"BALLETTKLASSIKER \u201eROMEO UND JULIA\u201c AB 8. MAI 2026"},"content":{"rendered":"\n<p>Mit \u201eRomeo und Julia\u201c er\u00f6ffnet das Th\u00fcringer Staatsballett am Freitag, den 8. Mai 2026, um 19.30 Uhr im Gro\u00dfen Haus Gera das Internationale BallettFestival Gera26 und pr\u00e4sentiert einen der bedeutendsten Ballettklassiker der Musik- und Tanzgeschichte.<\/p>\n\n\n\n<p>Die Inszenierung von Choreograf Emanuele Babici, ausgebildet an der John Cranko Schule in Stuttgart und selbst Italiener, n\u00e4hert sich der literarischen Vorlage Luigi da Portos aus einer pers\u00f6nlichen Perspektive. Im Zentrum steht die wohl ber\u00fchmteste Liebesgeschichte der Weltliteratur: In Verona entbrennt zwischen den verfeindeten Familien Montague und Capulet eine tragische Fehde. Als Romeo Montague und Julia Capulet einander begegnen, verlieben sie sich unsterblich ineinander. Heimliche Treffen, ein verh\u00e4ngnisvolles Duell und die erzwungene Flucht Romeos f\u00fchren schlie\u00dflich zu einer Kette unaufhaltsamer Ereignisse, die in einem tragischen Ende kulminieren.<\/p>\n\n\n\n<p>Sergej Prokofjew schuf mit \u201eRomeo und Julia\u201c eines der bedeutendsten Ballettwerke des 20. Jahrhunderts. Besonders der \u201eTanz der Ritter\u201c erlangte durch seine markante Rhythmik weltweite Bekanntheit und geh\u00f6rt bis heute zu den pr\u00e4genden Momenten des klassischen Ballettrepertoires.<\/p>\n\n\n\n<p>Das Internationale BallettFestival Gera26 feiert unter dem Motto \u201e100 Jahre t\u00e4nzerischer Aufbruch in Gera\u201c die Entwicklung des Tanzes am Standort Gera. Neben Premieren des Th\u00fcringer Staatsballetts sind renommierte Gastcompagnien sowie ein vielf\u00e4ltiges Rahmenprogramm in der gesamten Stadt zu erleben.<\/p>\n\n\n\n<p>Die Matinee zum Ballett \u201eRomeo und Julia\u201c ist am Sonntag, den 3. Mai 2026, um 11 Uhr im Gro\u00dfen Haus Gera. Weitere Vorstellungen gibt es dort am Montag, den 25. Mai, Dienstag, den 26. Mai, sowie am Sonntag, den 14. Juni 2026, jeweils um 18 Uhr.<\/p>\n\n\n\n<p>Eintrittskarten sind an den Theaterkassen sowie \u00fcber die Webseite des Theaters erh\u00e4ltlich. Diese sind unter der Rufnummer 0365 8279105 bzw. 03447 585160 sowie \u00fcber \u201ehttps:\/\/theater-altenburg-gera.de\/\u201d erreichbar.<\/p>\n\n\n\n<p>QUELLE: THEATER ALTENBURG GERA GGMBH<\/p>\n","protected":false},"excerpt":{"rendered":"<div class=\"mh-excerpt\"><p>Mit \u201eRomeo und Julia\u201c er\u00f6ffnet das Th\u00fcringer Staatsballett am Freitag, den 8. Mai 2026, um 19.30 Uhr im Gro\u00dfen Haus Gera das Internationale BallettFestival Gera26 und pr\u00e4sentiert einen der bedeutendsten Ballettklassiker der Musik- und Tanzgeschichte. <a class=\"mh-excerpt-more\" href=\"https:\/\/www.studiogera.de\/001\/2026\/04\/26\/ballettklassiker-romeo-und-julia-ab-8-mai-2026\/\" title=\"BALLETTKLASSIKER \u201eROMEO UND JULIA\u201c AB 8. MAI 2026\">[&#8230;]<\/a><\/p>\n<\/div>","protected":false},"author":2,"featured_media":42299,"comment_status":"open","ping_status":"open","sticky":false,"template":"","format":"standard","meta":{"footnotes":""},"categories":[15],"tags":[],"class_list":{"0":"post-42376","1":"post","2":"type-post","3":"status-publish","4":"format-standard","5":"has-post-thumbnail","7":"category-theater"},"_links":{"self":[{"href":"https:\/\/www.studiogera.de\/001\/wp-json\/wp\/v2\/posts\/42376","targetHints":{"allow":["GET"]}}],"collection":[{"href":"https:\/\/www.studiogera.de\/001\/wp-json\/wp\/v2\/posts"}],"about":[{"href":"https:\/\/www.studiogera.de\/001\/wp-json\/wp\/v2\/types\/post"}],"author":[{"embeddable":true,"href":"https:\/\/www.studiogera.de\/001\/wp-json\/wp\/v2\/users\/2"}],"replies":[{"embeddable":true,"href":"https:\/\/www.studiogera.de\/001\/wp-json\/wp\/v2\/comments?post=42376"}],"version-history":[{"count":1,"href":"https:\/\/www.studiogera.de\/001\/wp-json\/wp\/v2\/posts\/42376\/revisions"}],"predecessor-version":[{"id":42377,"href":"https:\/\/www.studiogera.de\/001\/wp-json\/wp\/v2\/posts\/42376\/revisions\/42377"}],"wp:featuredmedia":[{"embeddable":true,"href":"https:\/\/www.studiogera.de\/001\/wp-json\/wp\/v2\/media\/42299"}],"wp:attachment":[{"href":"https:\/\/www.studiogera.de\/001\/wp-json\/wp\/v2\/media?parent=42376"}],"wp:term":[{"taxonomy":"category","embeddable":true,"href":"https:\/\/www.studiogera.de\/001\/wp-json\/wp\/v2\/categories?post=42376"},{"taxonomy":"post_tag","embeddable":true,"href":"https:\/\/www.studiogera.de\/001\/wp-json\/wp\/v2\/tags?post=42376"}],"curies":[{"name":"wp","href":"https:\/\/api.w.org\/{rel}","templated":true}]}}