{"id":42378,"date":"2026-04-26T23:16:30","date_gmt":"2026-04-26T21:16:30","guid":{"rendered":"https:\/\/www.studiogera.de\/001\/?p=42378"},"modified":"2026-04-26T23:16:31","modified_gmt":"2026-04-26T21:16:31","slug":"strassensperrungen-und-verkehrseinschraenkungen-7","status":"publish","type":"post","link":"https:\/\/www.studiogera.de\/001\/2026\/04\/26\/strassensperrungen-und-verkehrseinschraenkungen-7\/","title":{"rendered":"STRASSENSPERRUNGEN UND VERKEHRSEINSCHR\u00c4NKUNGEN"},"content":{"rendered":"\n<p>In der 18. Kalenderwoche kommt es zu weiteren Stra\u00dfensperrungen und Verkehrseinschr\u00e4nkungen. Betroffen sind die Linienstra\u00dfe, Ronneburger Stra\u00dfe, Kastanienstra\u00dfe, Salzstra\u00dfe, der Ort Hain und die Stra\u00dfe An der Wildbirne.<\/p>\n\n\n\n<p><strong>Sperrung der Linienstra\u00dfe<\/strong><\/p>\n\n\n\n<ul class=\"wp-block-list\">\n<li>Zeitraum: 27. April bis 1. Juni 2026<\/li>\n\n\n\n<li>Grund: Kabelverlegung<\/li>\n<\/ul>\n\n\n\n<p><strong>Teilsperrung der Ronneburger Stra\u00dfe<\/strong><\/p>\n\n\n\n<ul class=\"wp-block-list\">\n<li>Zeitraum: 27. April 2026 bis 8. Mai 2026<\/li>\n\n\n\n<li>Grund: Fahrbahnsanierung, Fahrbahnverbreiterung<\/li>\n<\/ul>\n\n\n\n<p><strong>Baustelle in der Kastanienstra\u00dfe<\/strong><\/p>\n\n\n\n<ul class=\"wp-block-list\">\n<li>Zeitraum: 27. April bis 6. Mai 2026<\/li>\n\n\n\n<li>Grund: Havarie des Trinkwasserhauptanschlusses<\/li>\n<\/ul>\n\n\n\n<p><strong>halbseitige Sperrung der Salzstra\u00dfe<\/strong><\/p>\n\n\n\n<ul class=\"wp-block-list\">\n<li>Zeitraum: 27. April bis 8. Mai 2026<\/li>\n\n\n\n<li>Grund: Montage- und Tiefbauarbeiten am Gas-Hauptanschluss<\/li>\n<\/ul>\n\n\n\n<p><strong>Hain<\/strong><\/p>\n\n\n\n<ul class=\"wp-block-list\">\n<li>Zeitraum: 27. April bis 1. Mai 2026<\/li>\n\n\n\n<li>Grund: Arbeiten am Breitbandkabel<\/li>\n<\/ul>\n\n\n\n<p><strong>An der Wildbirne<\/strong><\/p>\n\n\n\n<ul class=\"wp-block-list\">\n<li>Zeitraum: 28. April bis 5. Mai 2026<\/li>\n\n\n\n<li>Grund: Arbeiten am Fernmeldenetz<\/li>\n<\/ul>\n\n\n\n<p>Alle Sperrungen und Verkehrseinschr\u00e4nkungen sind auf der offiziellen st\u00e4dtischen Webseite aufgef\u00fchrt.<\/p>\n\n\n\n<p><a href=\"https:\/\/www.gera.de\/leben-in-gera\/mobilitaet-verkehr-rad\/verkehrsmeldungen-und-baustellen\">https:\/\/www.gera.de\/leben-in-gera\/mobilitaet-verkehr-rad\/verkehrsmeldungen-und-baustellen<\/a><\/p>\n\n\n\n<p>QUELLE: STADTVERWALTUNG<\/p>\n","protected":false},"excerpt":{"rendered":"<div class=\"mh-excerpt\"><p>In der 18. Kalenderwoche kommt es zu weiteren Stra\u00dfensperrungen und Verkehrseinschr\u00e4nkungen. Betroffen sind die Linienstra\u00dfe, Ronneburger Stra\u00dfe, Kastanienstra\u00dfe, Salzstra\u00dfe, der Ort Hain und die Stra\u00dfe An der Wildbirne. Sperrung der Linienstra\u00dfe Teilsperrung der Ronneburger Stra\u00dfe <a class=\"mh-excerpt-more\" href=\"https:\/\/www.studiogera.de\/001\/2026\/04\/26\/strassensperrungen-und-verkehrseinschraenkungen-7\/\" title=\"STRASSENSPERRUNGEN UND VERKEHRSEINSCHR\u00c4NKUNGEN\">[&#8230;]<\/a><\/p>\n<\/div>","protected":false},"author":2,"featured_media":31498,"comment_status":"open","ping_status":"open","sticky":false,"template":"","format":"standard","meta":{"footnotes":""},"categories":[16],"tags":[],"class_list":{"0":"post-42378","1":"post","2":"type-post","3":"status-publish","4":"format-standard","5":"has-post-thumbnail","7":"category-kurzmitteilungen"},"_links":{"self":[{"href":"https:\/\/www.studiogera.de\/001\/wp-json\/wp\/v2\/posts\/42378","targetHints":{"allow":["GET"]}}],"collection":[{"href":"https:\/\/www.studiogera.de\/001\/wp-json\/wp\/v2\/posts"}],"about":[{"href":"https:\/\/www.studiogera.de\/001\/wp-json\/wp\/v2\/types\/post"}],"author":[{"embeddable":true,"href":"https:\/\/www.studiogera.de\/001\/wp-json\/wp\/v2\/users\/2"}],"replies":[{"embeddable":true,"href":"https:\/\/www.studiogera.de\/001\/wp-json\/wp\/v2\/comments?post=42378"}],"version-history":[{"count":1,"href":"https:\/\/www.studiogera.de\/001\/wp-json\/wp\/v2\/posts\/42378\/revisions"}],"predecessor-version":[{"id":42379,"href":"https:\/\/www.studiogera.de\/001\/wp-json\/wp\/v2\/posts\/42378\/revisions\/42379"}],"wp:featuredmedia":[{"embeddable":true,"href":"https:\/\/www.studiogera.de\/001\/wp-json\/wp\/v2\/media\/31498"}],"wp:attachment":[{"href":"https:\/\/www.studiogera.de\/001\/wp-json\/wp\/v2\/media?parent=42378"}],"wp:term":[{"taxonomy":"category","embeddable":true,"href":"https:\/\/www.studiogera.de\/001\/wp-json\/wp\/v2\/categories?post=42378"},{"taxonomy":"post_tag","embeddable":true,"href":"https:\/\/www.studiogera.de\/001\/wp-json\/wp\/v2\/tags?post=42378"}],"curies":[{"name":"wp","href":"https:\/\/api.w.org\/{rel}","templated":true}]}}