{"id":42382,"date":"2026-04-26T23:27:01","date_gmt":"2026-04-26T21:27:01","guid":{"rendered":"https:\/\/www.studiogera.de\/001\/?p=42382"},"modified":"2026-04-26T23:27:02","modified_gmt":"2026-04-26T21:27:02","slug":"berauschter-pkw-fahrer","status":"publish","type":"post","link":"https:\/\/www.studiogera.de\/001\/2026\/04\/26\/berauschter-pkw-fahrer\/","title":{"rendered":"BERAUSCHTER PKW-FAHRER"},"content":{"rendered":"\n<p>Samstagnacht, am 25. April 2026, wurde gegen 22.10 Uhr kontrollierten Polizisten im Bereich der Bahnhofstra\u00dfe\/Friedrich-Engels-Stra\u00dfe einen PKW-Fahrer. Der 35-j\u00e4hrige Fahrer des VW Polo war im \u00f6ffentlichen Verkehrsraum unterwegs, als er einer Verkehrskontrolle unterzogen wurde. Ein vor Ort durchgef\u00fchrter Drogenvortest reagierte positiv auf Cannabis. In der Folge wurde im Klinikum eine Blutentnahme durchgef\u00fchrt. Dem Fahrer wurde die Weiterfahrt untersagt. Entsprechende Anzeigen wegen des Versto\u00dfes gegen das Stra\u00dfenverkehrsgesetz wurden gefertigt. Die weiteren Ermittlungen im Fall 0102265\/2026 dauern an.<\/p>\n","protected":false},"excerpt":{"rendered":"<div class=\"mh-excerpt\"><p>Samstagnacht, am 25. April 2026, wurde gegen 22.10 Uhr kontrollierten Polizisten im Bereich der Bahnhofstra\u00dfe\/Friedrich-Engels-Stra\u00dfe einen PKW-Fahrer. Der 35-j\u00e4hrige Fahrer des VW Polo war im \u00f6ffentlichen Verkehrsraum unterwegs, als er einer Verkehrskontrolle unterzogen wurde. Ein <a class=\"mh-excerpt-more\" href=\"https:\/\/www.studiogera.de\/001\/2026\/04\/26\/berauschter-pkw-fahrer\/\" title=\"BERAUSCHTER PKW-FAHRER\">[&#8230;]<\/a><\/p>\n<\/div>","protected":false},"author":2,"featured_media":9356,"comment_status":"open","ping_status":"open","sticky":false,"template":"","format":"standard","meta":{"footnotes":""},"categories":[13],"tags":[],"class_list":{"0":"post-42382","1":"post","2":"type-post","3":"status-publish","4":"format-standard","5":"has-post-thumbnail","7":"category-polizeiberichte"},"_links":{"self":[{"href":"https:\/\/www.studiogera.de\/001\/wp-json\/wp\/v2\/posts\/42382","targetHints":{"allow":["GET"]}}],"collection":[{"href":"https:\/\/www.studiogera.de\/001\/wp-json\/wp\/v2\/posts"}],"about":[{"href":"https:\/\/www.studiogera.de\/001\/wp-json\/wp\/v2\/types\/post"}],"author":[{"embeddable":true,"href":"https:\/\/www.studiogera.de\/001\/wp-json\/wp\/v2\/users\/2"}],"replies":[{"embeddable":true,"href":"https:\/\/www.studiogera.de\/001\/wp-json\/wp\/v2\/comments?post=42382"}],"version-history":[{"count":1,"href":"https:\/\/www.studiogera.de\/001\/wp-json\/wp\/v2\/posts\/42382\/revisions"}],"predecessor-version":[{"id":42383,"href":"https:\/\/www.studiogera.de\/001\/wp-json\/wp\/v2\/posts\/42382\/revisions\/42383"}],"wp:featuredmedia":[{"embeddable":true,"href":"https:\/\/www.studiogera.de\/001\/wp-json\/wp\/v2\/media\/9356"}],"wp:attachment":[{"href":"https:\/\/www.studiogera.de\/001\/wp-json\/wp\/v2\/media?parent=42382"}],"wp:term":[{"taxonomy":"category","embeddable":true,"href":"https:\/\/www.studiogera.de\/001\/wp-json\/wp\/v2\/categories?post=42382"},{"taxonomy":"post_tag","embeddable":true,"href":"https:\/\/www.studiogera.de\/001\/wp-json\/wp\/v2\/tags?post=42382"}],"curies":[{"name":"wp","href":"https:\/\/api.w.org\/{rel}","templated":true}]}}