{"id":42386,"date":"2026-04-27T12:56:21","date_gmt":"2026-04-27T10:56:21","guid":{"rendered":"https:\/\/www.studiogera.de\/001\/?p=42386"},"modified":"2026-04-27T12:56:22","modified_gmt":"2026-04-27T10:56:22","slug":"offenes-singen-auf-der-piazza-in-gera","status":"publish","type":"post","link":"https:\/\/www.studiogera.de\/001\/2026\/04\/27\/offenes-singen-auf-der-piazza-in-gera\/","title":{"rendered":"OFFENES SINGEN AUF DER PIAZZA IN GERA"},"content":{"rendered":"\n<p>Die eigene Stimme ausprobieren, gemeinsam singen und dabei Teil eines gro\u00dfen Chores werden: Am Mittwoch, den 29. April 2026, um 18 Uhr auf der Piazza (Kreuzung Sorge, Schlo\u00dfstra\u00dfe, Bachgasse und Johannisgasse) l\u00e4dt das Theater Altenburg Gera zu einer Klassik-Karaoke-Veranstaltung bzw. einem offenen Singen in Gera ein.<\/p>\n\n\n\n<p>Gemeinsam mit dem Philharmonischen Chor sowie dem Kinder- und Jugendchor des Theaters haben alle Interessierten die M\u00f6glichkeit, neue Songs, die mehrstimmig einge\u00fcbt werden, sowie bekannte Melodien aus verschiedenen musikalischen Genres mitzusingen \u2013 ganz ohne Vorkenntnisse. Das Publikum wird dabei selbst zum Chor.<\/p>\n\n\n\n<p>Ein kurzes Warm-up unter der Leitung von Chordirektorin Judith Bothe bereitet auf das gemeinsame Singen vor, bevor es direkt losgeht. Im Mittelpunkt stehen die Freude an der Musik und das gemeinschaftliche Erlebnis.<\/p>\n\n\n\n<p>Die Teilnahme ist kostenfrei. Interessierte sind herzlich eingeladen, einfach vorbeizukommen und mitzusingen.<\/p>\n\n\n\n<p>QUELLE: THEATER ALTENBURG GERA GGMBH<\/p>\n","protected":false},"excerpt":{"rendered":"<div class=\"mh-excerpt\"><p>Die eigene Stimme ausprobieren, gemeinsam singen und dabei Teil eines gro\u00dfen Chores werden: Am Mittwoch, den 29. April 2026, um 18 Uhr auf der Piazza (Kreuzung Sorge, Schlo\u00dfstra\u00dfe, Bachgasse und Johannisgasse) l\u00e4dt das Theater Altenburg <a class=\"mh-excerpt-more\" href=\"https:\/\/www.studiogera.de\/001\/2026\/04\/27\/offenes-singen-auf-der-piazza-in-gera\/\" title=\"OFFENES SINGEN AUF DER PIAZZA IN GERA\">[&#8230;]<\/a><\/p>\n<\/div>","protected":false},"author":2,"featured_media":42387,"comment_status":"open","ping_status":"open","sticky":false,"template":"","format":"standard","meta":{"footnotes":""},"categories":[15],"tags":[],"class_list":{"0":"post-42386","1":"post","2":"type-post","3":"status-publish","4":"format-standard","5":"has-post-thumbnail","7":"category-theater"},"_links":{"self":[{"href":"https:\/\/www.studiogera.de\/001\/wp-json\/wp\/v2\/posts\/42386","targetHints":{"allow":["GET"]}}],"collection":[{"href":"https:\/\/www.studiogera.de\/001\/wp-json\/wp\/v2\/posts"}],"about":[{"href":"https:\/\/www.studiogera.de\/001\/wp-json\/wp\/v2\/types\/post"}],"author":[{"embeddable":true,"href":"https:\/\/www.studiogera.de\/001\/wp-json\/wp\/v2\/users\/2"}],"replies":[{"embeddable":true,"href":"https:\/\/www.studiogera.de\/001\/wp-json\/wp\/v2\/comments?post=42386"}],"version-history":[{"count":1,"href":"https:\/\/www.studiogera.de\/001\/wp-json\/wp\/v2\/posts\/42386\/revisions"}],"predecessor-version":[{"id":42388,"href":"https:\/\/www.studiogera.de\/001\/wp-json\/wp\/v2\/posts\/42386\/revisions\/42388"}],"wp:featuredmedia":[{"embeddable":true,"href":"https:\/\/www.studiogera.de\/001\/wp-json\/wp\/v2\/media\/42387"}],"wp:attachment":[{"href":"https:\/\/www.studiogera.de\/001\/wp-json\/wp\/v2\/media?parent=42386"}],"wp:term":[{"taxonomy":"category","embeddable":true,"href":"https:\/\/www.studiogera.de\/001\/wp-json\/wp\/v2\/categories?post=42386"},{"taxonomy":"post_tag","embeddable":true,"href":"https:\/\/www.studiogera.de\/001\/wp-json\/wp\/v2\/tags?post=42386"}],"curies":[{"name":"wp","href":"https:\/\/api.w.org\/{rel}","templated":true}]}}