{"id":42389,"date":"2026-04-27T13:13:32","date_gmt":"2026-04-27T11:13:32","guid":{"rendered":"https:\/\/www.studiogera.de\/001\/?p=42389"},"modified":"2026-04-27T13:13:33","modified_gmt":"2026-04-27T11:13:33","slug":"teilnehmer-fuer-festumzug-gesucht","status":"publish","type":"post","link":"https:\/\/www.studiogera.de\/001\/2026\/04\/27\/teilnehmer-fuer-festumzug-gesucht\/","title":{"rendered":"TEILNEHMER F\u00dcR FESTUMZUG GESUCHT"},"content":{"rendered":"\n<p>Zum diesj\u00e4hrigen H\u00f6hlerfest findet anl\u00e4sslich der Feierlichkeiten des Jubil\u00e4ums 789 Jahre Stadtrecht Gera am 4. Oktober 2026 um 12 Uhr ein gro\u00dfer historischer Festumzug statt. Geraer Traditionsunternehmen und Einrichtungen, Vereine und Verb\u00e4nde sowie nat\u00fcrlich auch engagierte Einzelpersonen sind herzlich eingeladen, ihre Ideen und Vorschl\u00e4ge f\u00fcr die Gestaltung der Festumzugsbilder unter dem Motto: \u201eGera \u2013 Unsere Stadt 2026\u201c oder \u201eGera \u2013 Kulturstadt\u201c einzubringen und den Umzug durch ihre Teilnahme zu bereichern.<\/p>\n\n\n\n<p>Alle Interessierten k\u00f6nnen sich im Kulturamt \u00fcber \u201efestumzug@gera.de\u201c anmelden. Auch entlang der Umzugsstrecke sowie zur Absicherung werden zahlreiche ehrenamtliche Helfer ben\u00f6tigt. Ein entsprechendes Anmeldeformular kann ebenfalls genutzt werden. Dieses findet sich unter \u201ewww.gera.de\/hoehlerfest\u201c. Die Organisatoren kommen anschlie\u00dfend auf die Interessenten zu. Anmeldefrist ist der 31. Mai 2026.<\/p>\n\n\n\n<p>QUELLE: STADTVERWALTUNG<\/p>\n","protected":false},"excerpt":{"rendered":"<div class=\"mh-excerpt\"><p>Zum diesj\u00e4hrigen H\u00f6hlerfest findet anl\u00e4sslich der Feierlichkeiten des Jubil\u00e4ums 789 Jahre Stadtrecht Gera am 4. Oktober 2026 um 12 Uhr ein gro\u00dfer historischer Festumzug statt. Geraer Traditionsunternehmen und Einrichtungen, Vereine und Verb\u00e4nde sowie nat\u00fcrlich auch <a class=\"mh-excerpt-more\" href=\"https:\/\/www.studiogera.de\/001\/2026\/04\/27\/teilnehmer-fuer-festumzug-gesucht\/\" title=\"TEILNEHMER F\u00dcR FESTUMZUG GESUCHT\">[&#8230;]<\/a><\/p>\n<\/div>","protected":false},"author":2,"featured_media":42390,"comment_status":"open","ping_status":"open","sticky":false,"template":"","format":"standard","meta":{"footnotes":""},"categories":[8],"tags":[],"class_list":{"0":"post-42389","1":"post","2":"type-post","3":"status-publish","4":"format-standard","5":"has-post-thumbnail","7":"category-kultur"},"_links":{"self":[{"href":"https:\/\/www.studiogera.de\/001\/wp-json\/wp\/v2\/posts\/42389","targetHints":{"allow":["GET"]}}],"collection":[{"href":"https:\/\/www.studiogera.de\/001\/wp-json\/wp\/v2\/posts"}],"about":[{"href":"https:\/\/www.studiogera.de\/001\/wp-json\/wp\/v2\/types\/post"}],"author":[{"embeddable":true,"href":"https:\/\/www.studiogera.de\/001\/wp-json\/wp\/v2\/users\/2"}],"replies":[{"embeddable":true,"href":"https:\/\/www.studiogera.de\/001\/wp-json\/wp\/v2\/comments?post=42389"}],"version-history":[{"count":1,"href":"https:\/\/www.studiogera.de\/001\/wp-json\/wp\/v2\/posts\/42389\/revisions"}],"predecessor-version":[{"id":42391,"href":"https:\/\/www.studiogera.de\/001\/wp-json\/wp\/v2\/posts\/42389\/revisions\/42391"}],"wp:featuredmedia":[{"embeddable":true,"href":"https:\/\/www.studiogera.de\/001\/wp-json\/wp\/v2\/media\/42390"}],"wp:attachment":[{"href":"https:\/\/www.studiogera.de\/001\/wp-json\/wp\/v2\/media?parent=42389"}],"wp:term":[{"taxonomy":"category","embeddable":true,"href":"https:\/\/www.studiogera.de\/001\/wp-json\/wp\/v2\/categories?post=42389"},{"taxonomy":"post_tag","embeddable":true,"href":"https:\/\/www.studiogera.de\/001\/wp-json\/wp\/v2\/tags?post=42389"}],"curies":[{"name":"wp","href":"https:\/\/api.w.org\/{rel}","templated":true}]}}