{"id":42393,"date":"2026-04-29T12:54:33","date_gmt":"2026-04-29T10:54:33","guid":{"rendered":"https:\/\/www.studiogera.de\/001\/?p=42393"},"modified":"2026-04-29T12:54:35","modified_gmt":"2026-04-29T10:54:35","slug":"haftbefehl-nach-messerangriff-in-jena","status":"publish","type":"post","link":"https:\/\/www.studiogera.de\/001\/2026\/04\/29\/haftbefehl-nach-messerangriff-in-jena\/","title":{"rendered":"HAFTBEFEHL NACH MESSERANGRIFF IN JENA"},"content":{"rendered":"\n<p>Gegen den Messerangreifer in Jena vom 23. April 2026 wurde nun Haftbefehl erlassen. Auf Antrag der Staatsanwaltschaft Gera wurde der Haftbefehl Freitag, den 24. April 2026, in Vollzug gesetzt und der Beschuldigte daraufhin in eine JVA gebracht. Gegen den 32-j\u00e4hrigen Afghanen wird nach derzeitigen Erkenntnissen wegen gef\u00e4hrlicher K\u00f6rperverletzung ermittelt, wobei die Ermittlungen noch am Anfang stehen und eine abschlie\u00dfende rechtliche W\u00fcrdigung dem weiteren Verfahren bzw. dem Abschluss der Ermittlungen vorbehalten bleibt.<\/p>\n\n\n\n<p>Am 24. April 2026 kam es in Jena auf einer Gr\u00fcnfl\u00e4che in der Knebelstra\u00dfe nahe dem Paradiespark zu einem Messerangriff seitens eines 32-j\u00e4hrigen Mannes. Dieser griff einen 22-j\u00e4hrigen Mann nichtdeutscher Herkunft mit mehreren Messerstichen an und verletzte ihn schwer. Nach dem Angriff lie\u00df der T\u00e4ter vom Gesch\u00e4digten ab und fl\u00fcchtete vom Tatort.<\/p>\n","protected":false},"excerpt":{"rendered":"<div class=\"mh-excerpt\"><p>Gegen den Messerangreifer in Jena vom 23. April 2026 wurde nun Haftbefehl erlassen. Auf Antrag der Staatsanwaltschaft Gera wurde der Haftbefehl Freitag, den 24. April 2026, in Vollzug gesetzt und der Beschuldigte daraufhin in eine <a class=\"mh-excerpt-more\" href=\"https:\/\/www.studiogera.de\/001\/2026\/04\/29\/haftbefehl-nach-messerangriff-in-jena\/\" title=\"HAFTBEFEHL NACH MESSERANGRIFF IN JENA\">[&#8230;]<\/a><\/p>\n<\/div>","protected":false},"author":2,"featured_media":9353,"comment_status":"open","ping_status":"open","sticky":false,"template":"","format":"standard","meta":{"footnotes":""},"categories":[13],"tags":[],"class_list":{"0":"post-42393","1":"post","2":"type-post","3":"status-publish","4":"format-standard","5":"has-post-thumbnail","7":"category-polizeiberichte"},"_links":{"self":[{"href":"https:\/\/www.studiogera.de\/001\/wp-json\/wp\/v2\/posts\/42393","targetHints":{"allow":["GET"]}}],"collection":[{"href":"https:\/\/www.studiogera.de\/001\/wp-json\/wp\/v2\/posts"}],"about":[{"href":"https:\/\/www.studiogera.de\/001\/wp-json\/wp\/v2\/types\/post"}],"author":[{"embeddable":true,"href":"https:\/\/www.studiogera.de\/001\/wp-json\/wp\/v2\/users\/2"}],"replies":[{"embeddable":true,"href":"https:\/\/www.studiogera.de\/001\/wp-json\/wp\/v2\/comments?post=42393"}],"version-history":[{"count":1,"href":"https:\/\/www.studiogera.de\/001\/wp-json\/wp\/v2\/posts\/42393\/revisions"}],"predecessor-version":[{"id":42394,"href":"https:\/\/www.studiogera.de\/001\/wp-json\/wp\/v2\/posts\/42393\/revisions\/42394"}],"wp:featuredmedia":[{"embeddable":true,"href":"https:\/\/www.studiogera.de\/001\/wp-json\/wp\/v2\/media\/9353"}],"wp:attachment":[{"href":"https:\/\/www.studiogera.de\/001\/wp-json\/wp\/v2\/media?parent=42393"}],"wp:term":[{"taxonomy":"category","embeddable":true,"href":"https:\/\/www.studiogera.de\/001\/wp-json\/wp\/v2\/categories?post=42393"},{"taxonomy":"post_tag","embeddable":true,"href":"https:\/\/www.studiogera.de\/001\/wp-json\/wp\/v2\/tags?post=42393"}],"curies":[{"name":"wp","href":"https:\/\/api.w.org\/{rel}","templated":true}]}}