{"id":42400,"date":"2026-04-30T07:38:50","date_gmt":"2026-04-30T05:38:50","guid":{"rendered":"https:\/\/www.studiogera.de\/001\/?p=42400"},"modified":"2026-04-30T07:38:52","modified_gmt":"2026-04-30T05:38:52","slug":"das-ehemalige-zucht-und-waisenhaus","status":"publish","type":"post","link":"https:\/\/www.studiogera.de\/001\/2026\/04\/30\/das-ehemalige-zucht-und-waisenhaus\/","title":{"rendered":"DAS EHEMALIGE ZUCHT- UND WAISENHAUS"},"content":{"rendered":"\n<p><em>Matthias Wagner h\u00e4lt am 30. April 2026 ab 14 Uhr im Stadtmuseum einen Vortrag \u00fcber die Geschichte des ehemaligen Zucht- und Waisenhauses.<\/em><\/p>\n\n\n\n<p>Das heutige Stadtmuseum wurde ab 1724 als Zucht- und Waisenhaus errichtet. Rund 100 Jahre war es damit eine Besserungsanstalt f\u00fcr Str\u00e4flinge und gleichzeitig eine Heimst\u00e4tte f\u00fcr Waisenkinder. In ihm wurden Gottesdienste abgehalten und Unterricht erteilt, aber auch schwere k\u00f6rperliche Arbeiten verrichtet und Pr\u00fcgelstrafen vollzogen. Sp\u00e4ter diente es als Bibliothek, Lesehalle, Wohnung, Lager und \u00f6ffentliche Bed\u00fcrfnisanstalt, bis es schlie\u00dflich 1914 seine heutige Funktion als Stadtmuseum erhielt.<\/p>\n\n\n\n<p>Der Vortrag von Matthias Wagner beleuchtet die wechselvolle 300-j\u00e4hrige Geschichte eines der markantesten Geb\u00e4ude der Geraer Altstadt. Die Schicksale des ehemaligen Zucht- und Waisenhauses widerspiegeln zugleich wechselvolle Episoden der Geraer Stadtgeschichte. Der Vortrag findet im Rahmen der Veranstaltungsreihe \u201eGeschichte am Nachmittag\u201c am Donnerstag, dem 30. April, um 14 Uhr, im Stadtmuseum Gera statt.<\/p>\n\n\n\n<p>TEXT: MATTHIAS WAGNER<\/p>\n","protected":false},"excerpt":{"rendered":"<div class=\"mh-excerpt\"><p>Matthias Wagner h\u00e4lt am 30. April 2026 ab 14 Uhr im Stadtmuseum einen Vortrag \u00fcber die Geschichte des ehemaligen Zucht- und Waisenhauses. Das heutige Stadtmuseum wurde ab 1724 als Zucht- und Waisenhaus errichtet. Rund 100 <a class=\"mh-excerpt-more\" href=\"https:\/\/www.studiogera.de\/001\/2026\/04\/30\/das-ehemalige-zucht-und-waisenhaus\/\" title=\"DAS EHEMALIGE ZUCHT- UND WAISENHAUS\">[&#8230;]<\/a><\/p>\n<\/div>","protected":false},"author":2,"featured_media":42401,"comment_status":"open","ping_status":"open","sticky":false,"template":"","format":"standard","meta":{"footnotes":""},"categories":[7],"tags":[],"class_list":{"0":"post-42400","1":"post","2":"type-post","3":"status-publish","4":"format-standard","5":"has-post-thumbnail","7":"category-regionalkunde"},"_links":{"self":[{"href":"https:\/\/www.studiogera.de\/001\/wp-json\/wp\/v2\/posts\/42400","targetHints":{"allow":["GET"]}}],"collection":[{"href":"https:\/\/www.studiogera.de\/001\/wp-json\/wp\/v2\/posts"}],"about":[{"href":"https:\/\/www.studiogera.de\/001\/wp-json\/wp\/v2\/types\/post"}],"author":[{"embeddable":true,"href":"https:\/\/www.studiogera.de\/001\/wp-json\/wp\/v2\/users\/2"}],"replies":[{"embeddable":true,"href":"https:\/\/www.studiogera.de\/001\/wp-json\/wp\/v2\/comments?post=42400"}],"version-history":[{"count":1,"href":"https:\/\/www.studiogera.de\/001\/wp-json\/wp\/v2\/posts\/42400\/revisions"}],"predecessor-version":[{"id":42402,"href":"https:\/\/www.studiogera.de\/001\/wp-json\/wp\/v2\/posts\/42400\/revisions\/42402"}],"wp:featuredmedia":[{"embeddable":true,"href":"https:\/\/www.studiogera.de\/001\/wp-json\/wp\/v2\/media\/42401"}],"wp:attachment":[{"href":"https:\/\/www.studiogera.de\/001\/wp-json\/wp\/v2\/media?parent=42400"}],"wp:term":[{"taxonomy":"category","embeddable":true,"href":"https:\/\/www.studiogera.de\/001\/wp-json\/wp\/v2\/categories?post=42400"},{"taxonomy":"post_tag","embeddable":true,"href":"https:\/\/www.studiogera.de\/001\/wp-json\/wp\/v2\/tags?post=42400"}],"curies":[{"name":"wp","href":"https:\/\/api.w.org\/{rel}","templated":true}]}}