{"id":42403,"date":"2026-04-30T07:56:44","date_gmt":"2026-04-30T05:56:44","guid":{"rendered":"https:\/\/www.studiogera.de\/001\/?p=42403"},"modified":"2026-04-30T07:56:45","modified_gmt":"2026-04-30T05:56:45","slug":"neue-maerchenfiguren-fuer-den-weihnachtsmarkt-geplant","status":"publish","type":"post","link":"https:\/\/www.studiogera.de\/001\/2026\/04\/30\/neue-maerchenfiguren-fuer-den-weihnachtsmarkt-geplant\/","title":{"rendered":"NEUE M\u00c4RCHENFIGUREN F\u00dcR DEN WEIHNACHTSMARKT GEPLANT"},"content":{"rendered":"\n<p>Das Crowdfunding-Projekt zur Erweiterung des M\u00e4rchenmarktes um neue M\u00e4rchenfiguren hat eine au\u00dferordentlich positive Resonanz erfahren. Neben zahlreichen privaten Spendern aus Gera sowie aus anderen Regionen Deutschlands haben sich auch viele Unternehmen und Betriebe der Stadt engagiert und ihre Unterst\u00fctzung zugesagt. Dieses breite, gemeinschaftliche Engagement unterstreicht eindrucksvoll die besondere Bedeutung des M\u00e4rchenmarktes f\u00fcr die Stadtgesellschaft.<\/p>\n\n\n\n<p>Dank der eingegangenen Spenden, Sponsorengelder sowie der erfolgreichen Crowdfunding-Kampagne aus dem M\u00e4rz wird derzeit mit einer Gesamtsumme von knapp 19&#8217;000 Euro gerechnet. Allein \u00fcber das Crowdfunding konnten 7231,25 Euro erzielt werden. Die Mittel flie\u00dfen direkt in die Realisierung einer neuen M\u00e4rchenfigurengruppe. Geplant ist die Darstellung des beliebten M\u00e4rchens \u201eDer Wolf und die sieben jungen Gei\u00dflein\u201c.<\/p>\n\n\n\n<p>Auch weiterhin besteht die M\u00f6glichkeit, das Projekt \u00fcber das Spendenkonto der Stadt Gera zu unterst\u00fctzen.<\/p>\n\n\n\n<p>Derzeit befindet sich das Vorhaben in der finalen Abstimmungsphase mit den beteiligten K\u00fcnstlern sowie den ausf\u00fchrenden Gewerken f\u00fcr Entwurf und Bau der Figuren. Die entsprechenden Angebote sollen voraussichtlich bis Mitte Mai 2026 best\u00e4tigt werden. Im Anschluss ist eine offizielle Vorstellung des Projektes und der beteiligten Akteure geplant, bevor die Umsetzung beginnt. Begleitend sind regelm\u00e4\u00dfige Einblicke in den Projektfortschritt vorgesehen, um Unterst\u00fctzer sowie interessierte B\u00fcrgerinnen und B\u00fcrger aktiv am Entstehungsprozess teilhaben zu lassen.<\/p>\n\n\n\n<p>Die offizielle Enth\u00fcllung der neuen M\u00e4rchenensembles findet vor der eigentlichen Er\u00f6ffnung des M\u00e4rchenmarktes am 26. November 2026 statt. Ab diesem Tag ist es dann f\u00fcr alle und jeden \u00fcber die gesamte Dauer des Weihnachtsmarktes in der Innenstadt zu bewundern.<\/p>\n\n\n\n<p>QUELLE: STADTVERWALTUNG<\/p>\n","protected":false},"excerpt":{"rendered":"<div class=\"mh-excerpt\"><p>Das Crowdfunding-Projekt zur Erweiterung des M\u00e4rchenmarktes um neue M\u00e4rchenfiguren hat eine au\u00dferordentlich positive Resonanz erfahren. Neben zahlreichen privaten Spendern aus Gera sowie aus anderen Regionen Deutschlands haben sich auch viele Unternehmen und Betriebe der Stadt <a class=\"mh-excerpt-more\" href=\"https:\/\/www.studiogera.de\/001\/2026\/04\/30\/neue-maerchenfiguren-fuer-den-weihnachtsmarkt-geplant\/\" title=\"NEUE M\u00c4RCHENFIGUREN F\u00dcR DEN WEIHNACHTSMARKT GEPLANT\">[&#8230;]<\/a><\/p>\n<\/div>","protected":false},"author":2,"featured_media":42404,"comment_status":"open","ping_status":"open","sticky":false,"template":"","format":"standard","meta":{"footnotes":""},"categories":[8],"tags":[],"class_list":{"0":"post-42403","1":"post","2":"type-post","3":"status-publish","4":"format-standard","5":"has-post-thumbnail","7":"category-kultur"},"_links":{"self":[{"href":"https:\/\/www.studiogera.de\/001\/wp-json\/wp\/v2\/posts\/42403","targetHints":{"allow":["GET"]}}],"collection":[{"href":"https:\/\/www.studiogera.de\/001\/wp-json\/wp\/v2\/posts"}],"about":[{"href":"https:\/\/www.studiogera.de\/001\/wp-json\/wp\/v2\/types\/post"}],"author":[{"embeddable":true,"href":"https:\/\/www.studiogera.de\/001\/wp-json\/wp\/v2\/users\/2"}],"replies":[{"embeddable":true,"href":"https:\/\/www.studiogera.de\/001\/wp-json\/wp\/v2\/comments?post=42403"}],"version-history":[{"count":1,"href":"https:\/\/www.studiogera.de\/001\/wp-json\/wp\/v2\/posts\/42403\/revisions"}],"predecessor-version":[{"id":42405,"href":"https:\/\/www.studiogera.de\/001\/wp-json\/wp\/v2\/posts\/42403\/revisions\/42405"}],"wp:featuredmedia":[{"embeddable":true,"href":"https:\/\/www.studiogera.de\/001\/wp-json\/wp\/v2\/media\/42404"}],"wp:attachment":[{"href":"https:\/\/www.studiogera.de\/001\/wp-json\/wp\/v2\/media?parent=42403"}],"wp:term":[{"taxonomy":"category","embeddable":true,"href":"https:\/\/www.studiogera.de\/001\/wp-json\/wp\/v2\/categories?post=42403"},{"taxonomy":"post_tag","embeddable":true,"href":"https:\/\/www.studiogera.de\/001\/wp-json\/wp\/v2\/tags?post=42403"}],"curies":[{"name":"wp","href":"https:\/\/api.w.org\/{rel}","templated":true}]}}