{"id":42406,"date":"2026-04-30T08:12:53","date_gmt":"2026-04-30T06:12:53","guid":{"rendered":"https:\/\/www.studiogera.de\/001\/?p=42406"},"modified":"2026-04-30T08:12:54","modified_gmt":"2026-04-30T06:12:54","slug":"weitere-meldungen-aus-gera-123","status":"publish","type":"post","link":"https:\/\/www.studiogera.de\/001\/2026\/04\/30\/weitere-meldungen-aus-gera-123\/","title":{"rendered":"WEITERE MELDUNGEN AUS GERA"},"content":{"rendered":"\n<p>Aufgrund von Bauarbeiten kann die Haltestelle \u201eStadtring\u201c in Richtung Flugplatz seit dem 27. April 2026 voraussichtlich 14 Tage lang bedient werden. Darauf weist der Verkehrsbetrieb hin. Fahrg\u00e4ste werden gebeten ersatzweise die Haltestelle Ronneburger Stra\u00dfe zu nutzen. Betroffen sind die Buslinien 19 und 26.<\/p>\n\n\n\n<p>Aufgrund von Demonstrationen und Versammlungen im Stadtgebiet ist am\u00a0Freitag, den 1. Mai 2026,\u00a0von zirka 14 Uhr bis 19.30 Uhr mit kurzfristigen Umleitungen, Unterbrechungen und Ausf\u00e4llen auf allen Stra\u00dfenbahnlinien sowie Buslinien, die die Heinrichstra\u00dfe passieren, zu rechnen.<\/p>\n\n\n\n<p>Das Amt f\u00fcr Brand- und Katastrophenschutz der Stadt Gera plant f\u00fcr Anfang Juni eine gro\u00df angelegte \u00dcbung. Ziel ist die realit\u00e4tsnahe Darstellung und Erprobung eines Behandlungsplatzes im Rahmen einer angenommenen Gro\u00dfschadenslage. Im Szenario wird ein Ereignis mit zahlreichen Verletzten simuliert. Dabei wird insbesondere die Zusammenarbeit verschiedener Hilfsorganisationen sowie die medizinische Versorgung und Verteilung von Patienten trainiert.<\/p>\n\n\n\n<p>Am 8. Mai 2026 wird um 17 Uhr die Ausstellung \u201eBravo, Gera!\u201c 100 Jahre t\u00e4nzerischer Aufbruch er\u00f6ffnet, die den Auftakt f\u00fcr das Internationale Ballettfestival Gera 26 bildet. Die Ausstellung erinnert an die Spielzeit 1925\/1926, in der die T\u00e4nzerin und Choreografin Yvonne Georgi erstmals eine Tanzgruppe am damaligen Reu\u00dfischen Theater leitete \u2013 ein Schritt, der die Entwicklung der Tanzsparte in Gera entscheidend pr\u00e4gte. Anhand von Originaldokumenten, Fotografien und weiteren Exponaten l\u00e4sst die Pr\u00e4sentation die kulturelle Aufbruchsstimmung der 1920er Jahre wieder lebendig werden.<\/p>\n\n\n\n<p>Am 8. Mai findet anl\u00e4sslich des Europatages eine Europa-Veranstaltung in der Ostschule Gera \u2013Europaschule statt. Oberb\u00fcrgermeister Kurt Dannenberg empf\u00e4ngt zu einem feierlichen Programm Staatssektret\u00e4r Dr. Bernd Uwe Althaus sowie die Europaabgeordnete Marion Walsmann.<\/p>\n\n\n\n<p>Am 9. Mai 2026 wird der neugeschaffene Klimagarten im Martinsgrund er\u00f6ffnet.<\/p>\n","protected":false},"excerpt":{"rendered":"<div class=\"mh-excerpt\"><p>Aufgrund von Bauarbeiten kann die Haltestelle \u201eStadtring\u201c in Richtung Flugplatz seit dem 27. April 2026 voraussichtlich 14 Tage lang bedient werden. Darauf weist der Verkehrsbetrieb hin. Fahrg\u00e4ste werden gebeten ersatzweise die Haltestelle Ronneburger Stra\u00dfe zu <a class=\"mh-excerpt-more\" href=\"https:\/\/www.studiogera.de\/001\/2026\/04\/30\/weitere-meldungen-aus-gera-123\/\" title=\"WEITERE MELDUNGEN AUS GERA\">[&#8230;]<\/a><\/p>\n<\/div>","protected":false},"author":2,"featured_media":22583,"comment_status":"open","ping_status":"open","sticky":false,"template":"","format":"standard","meta":{"footnotes":""},"categories":[16],"tags":[],"class_list":{"0":"post-42406","1":"post","2":"type-post","3":"status-publish","4":"format-standard","5":"has-post-thumbnail","7":"category-kurzmitteilungen"},"_links":{"self":[{"href":"https:\/\/www.studiogera.de\/001\/wp-json\/wp\/v2\/posts\/42406","targetHints":{"allow":["GET"]}}],"collection":[{"href":"https:\/\/www.studiogera.de\/001\/wp-json\/wp\/v2\/posts"}],"about":[{"href":"https:\/\/www.studiogera.de\/001\/wp-json\/wp\/v2\/types\/post"}],"author":[{"embeddable":true,"href":"https:\/\/www.studiogera.de\/001\/wp-json\/wp\/v2\/users\/2"}],"replies":[{"embeddable":true,"href":"https:\/\/www.studiogera.de\/001\/wp-json\/wp\/v2\/comments?post=42406"}],"version-history":[{"count":2,"href":"https:\/\/www.studiogera.de\/001\/wp-json\/wp\/v2\/posts\/42406\/revisions"}],"predecessor-version":[{"id":42408,"href":"https:\/\/www.studiogera.de\/001\/wp-json\/wp\/v2\/posts\/42406\/revisions\/42408"}],"wp:featuredmedia":[{"embeddable":true,"href":"https:\/\/www.studiogera.de\/001\/wp-json\/wp\/v2\/media\/22583"}],"wp:attachment":[{"href":"https:\/\/www.studiogera.de\/001\/wp-json\/wp\/v2\/media?parent=42406"}],"wp:term":[{"taxonomy":"category","embeddable":true,"href":"https:\/\/www.studiogera.de\/001\/wp-json\/wp\/v2\/categories?post=42406"},{"taxonomy":"post_tag","embeddable":true,"href":"https:\/\/www.studiogera.de\/001\/wp-json\/wp\/v2\/tags?post=42406"}],"curies":[{"name":"wp","href":"https:\/\/api.w.org\/{rel}","templated":true}]}}