{"id":42409,"date":"2026-04-30T08:19:44","date_gmt":"2026-04-30T06:19:44","guid":{"rendered":"https:\/\/www.studiogera.de\/001\/?p=42409"},"modified":"2026-04-30T08:19:46","modified_gmt":"2026-04-30T06:19:46","slug":"tag-der-gewaltfreien-erziehung","status":"publish","type":"post","link":"https:\/\/www.studiogera.de\/001\/2026\/04\/30\/tag-der-gewaltfreien-erziehung\/","title":{"rendered":"TAG DER GEWALTFREIEN ERZIEHUNG"},"content":{"rendered":"\n<p>Der seit vielen Jahren begangene Tag der gewaltfreien Erziehung wird seit 2017 gemeinsam mit den Geraer Schulen umgesetzt. In diesem Jahr finden die Projekttag am 29. und 30. April in der Wilhelm-Busch-Grundschule statt. Im Mittelpunkt stehen Projekte zum Thema \u201eKinderrechte\u201c. An beiden Tagen werden durch Filme, Aktionen, Diskussionsrunden, bei Spiel und Bewegung sowie Selbstgestaltung von Materialien, die Rechte der Kinder in den Fokus ger\u00fcckt und den 1. bis 4. Klassen intensiv n\u00e4hergebracht. Ziel der Themenstationen ist die Vermittlung der zehn wichtigsten Kinderrechte der UN-Kinderrechtskonvention. Oberb\u00fcrgermeister Kurt Dannenberg war zur Er\u00f6ffnung vor Ort, um die Bedeutung dieser Aufkl\u00e4rungsarbeit zu unterstreichen. Dabei dankte er f\u00fcr die Organisation den Partnern wie u. a. Streetwork Gera e. V. und dem Schlupfwinkel und Sorgentelefon Gera e. V. sowie dem Kollegium der Schule vor Ort.<\/p>\n","protected":false},"excerpt":{"rendered":"<div class=\"mh-excerpt\"><p>Der seit vielen Jahren begangene Tag der gewaltfreien Erziehung wird seit 2017 gemeinsam mit den Geraer Schulen umgesetzt. In diesem Jahr finden die Projekttag am 29. und 30. April in der Wilhelm-Busch-Grundschule statt. Im Mittelpunkt <a class=\"mh-excerpt-more\" href=\"https:\/\/www.studiogera.de\/001\/2026\/04\/30\/tag-der-gewaltfreien-erziehung\/\" title=\"TAG DER GEWALTFREIEN ERZIEHUNG\">[&#8230;]<\/a><\/p>\n<\/div>","protected":false},"author":2,"featured_media":42410,"comment_status":"open","ping_status":"open","sticky":false,"template":"","format":"standard","meta":{"footnotes":""},"categories":[3],"tags":[],"class_list":{"0":"post-42409","1":"post","2":"type-post","3":"status-publish","4":"format-standard","5":"has-post-thumbnail","7":"category-lokal"},"_links":{"self":[{"href":"https:\/\/www.studiogera.de\/001\/wp-json\/wp\/v2\/posts\/42409","targetHints":{"allow":["GET"]}}],"collection":[{"href":"https:\/\/www.studiogera.de\/001\/wp-json\/wp\/v2\/posts"}],"about":[{"href":"https:\/\/www.studiogera.de\/001\/wp-json\/wp\/v2\/types\/post"}],"author":[{"embeddable":true,"href":"https:\/\/www.studiogera.de\/001\/wp-json\/wp\/v2\/users\/2"}],"replies":[{"embeddable":true,"href":"https:\/\/www.studiogera.de\/001\/wp-json\/wp\/v2\/comments?post=42409"}],"version-history":[{"count":1,"href":"https:\/\/www.studiogera.de\/001\/wp-json\/wp\/v2\/posts\/42409\/revisions"}],"predecessor-version":[{"id":42411,"href":"https:\/\/www.studiogera.de\/001\/wp-json\/wp\/v2\/posts\/42409\/revisions\/42411"}],"wp:featuredmedia":[{"embeddable":true,"href":"https:\/\/www.studiogera.de\/001\/wp-json\/wp\/v2\/media\/42410"}],"wp:attachment":[{"href":"https:\/\/www.studiogera.de\/001\/wp-json\/wp\/v2\/media?parent=42409"}],"wp:term":[{"taxonomy":"category","embeddable":true,"href":"https:\/\/www.studiogera.de\/001\/wp-json\/wp\/v2\/categories?post=42409"},{"taxonomy":"post_tag","embeddable":true,"href":"https:\/\/www.studiogera.de\/001\/wp-json\/wp\/v2\/tags?post=42409"}],"curies":[{"name":"wp","href":"https:\/\/api.w.org\/{rel}","templated":true}]}}