{"id":42421,"date":"2026-04-30T13:00:27","date_gmt":"2026-04-30T11:00:27","guid":{"rendered":"https:\/\/www.studiogera.de\/001\/?p=42421"},"modified":"2026-04-30T13:00:28","modified_gmt":"2026-04-30T11:00:28","slug":"stadt-gera-sichert-sich-frauenradrennen","status":"publish","type":"post","link":"https:\/\/www.studiogera.de\/001\/2026\/04\/30\/stadt-gera-sichert-sich-frauenradrennen\/","title":{"rendered":"STADT GERA SICHERT SICH FRAUENRADRENNEN"},"content":{"rendered":"\n<p>Die Stadt Gera hat am 29. April 2026 gemeinsam mit dem Veranstalter der Passion Eventmanagement- und Unternehmensberatungsgesellschaft mbH den Vertrag f\u00fcr die \u201eLotto Th\u00fcringen Women Cycling Challenge\u201c unterzeichnet. Damit steht fest: Am 21. Juni 2026 wird eines der bedeutendsten Frauenradrennen Deutschlands in Gera ausgetragen.<\/p>\n\n\n\n<p>\u201eMit der &#8218;Lotto Th\u00fcringen Women Cycling Challenge&#8216; setzen wir als Stadt Gera ein starkes Zeichen f\u00fcr den internationalen Frauenradsport und beweisen uns einmal mehr als engagierten und leistungsf\u00e4higen Gastgeber f\u00fcr hochklassige Sportveranstaltungen\u201c, zeigt sich Oberb\u00fcrgermeister Kurt Dannenberg bei der Vertragsunterzeichnung erfreut.<\/p>\n\n\n\n<p>Die \u201eLotto Th\u00fcringen Women Cycling Challenge\u201c ist der Nachfolger der renommierten Lotto-Th\u00fcringen-Ladies-Tour, welche bis 2016 als\u00a0Internationale Th\u00fcringen-Rundfahrt der Frauen bezeichnet wurde. Das Rennen ist vom Radsportweltverband UCI in die h\u00f6chste Kategorie \u201ePro Series\u201c eingestuft worden; im Frauenradsport gibt es deutschlandweit kein h\u00f6herwertiges Rennen.<\/p>\n\n\n\n<p>Start und Ziel ist im Bereich der De-Smit-Stra\u00dfe. Die Strecke f\u00fchrt zun\u00e4chst \u00fcber eine rund 80 Kilometer lange Schleife au\u00dferhalb des Stadtgebiets unter anderem durch Triebes, Zeulenroda und Auma, bevor es zur\u00fcck nach Gera geht. Anschlie\u00dfend stehen f\u00fcnf Zielrunden durch das Stadtgebiet auf dem Programm. Diese verlaufen unter anderem \u00fcber die De-Smit-Stra\u00dfe, Breitscheidstra\u00dfe, den Stadtgraben und den anspruchsvollen Anstieg zum Ferberturm: Der 1,7 Kilometer lange Anstieg weist durchschnittlich sechs Prozent Steigung auf. Die finale Startliste wird erst kurz vor dem Rennen erwartet, da die Gruppen ihre Aufgebote bis zum 20. Juni 2026 verbindlich melden m\u00fcssen.<\/p>\n\n\n\n<p>QUELLE: STADTVERWALTUNG<\/p>\n","protected":false},"excerpt":{"rendered":"<div class=\"mh-excerpt\"><p>Die Stadt Gera hat am 29. April 2026 gemeinsam mit dem Veranstalter der Passion Eventmanagement- und Unternehmensberatungsgesellschaft mbH den Vertrag f\u00fcr die \u201eLotto Th\u00fcringen Women Cycling Challenge\u201c unterzeichnet. Damit steht fest: Am 21. Juni 2026 <a class=\"mh-excerpt-more\" href=\"https:\/\/www.studiogera.de\/001\/2026\/04\/30\/stadt-gera-sichert-sich-frauenradrennen\/\" title=\"STADT GERA SICHERT SICH FRAUENRADRENNEN\">[&#8230;]<\/a><\/p>\n<\/div>","protected":false},"author":2,"featured_media":42422,"comment_status":"open","ping_status":"open","sticky":false,"template":"","format":"standard","meta":{"footnotes":""},"categories":[8],"tags":[],"class_list":{"0":"post-42421","1":"post","2":"type-post","3":"status-publish","4":"format-standard","5":"has-post-thumbnail","7":"category-kultur"},"_links":{"self":[{"href":"https:\/\/www.studiogera.de\/001\/wp-json\/wp\/v2\/posts\/42421","targetHints":{"allow":["GET"]}}],"collection":[{"href":"https:\/\/www.studiogera.de\/001\/wp-json\/wp\/v2\/posts"}],"about":[{"href":"https:\/\/www.studiogera.de\/001\/wp-json\/wp\/v2\/types\/post"}],"author":[{"embeddable":true,"href":"https:\/\/www.studiogera.de\/001\/wp-json\/wp\/v2\/users\/2"}],"replies":[{"embeddable":true,"href":"https:\/\/www.studiogera.de\/001\/wp-json\/wp\/v2\/comments?post=42421"}],"version-history":[{"count":1,"href":"https:\/\/www.studiogera.de\/001\/wp-json\/wp\/v2\/posts\/42421\/revisions"}],"predecessor-version":[{"id":42423,"href":"https:\/\/www.studiogera.de\/001\/wp-json\/wp\/v2\/posts\/42421\/revisions\/42423"}],"wp:featuredmedia":[{"embeddable":true,"href":"https:\/\/www.studiogera.de\/001\/wp-json\/wp\/v2\/media\/42422"}],"wp:attachment":[{"href":"https:\/\/www.studiogera.de\/001\/wp-json\/wp\/v2\/media?parent=42421"}],"wp:term":[{"taxonomy":"category","embeddable":true,"href":"https:\/\/www.studiogera.de\/001\/wp-json\/wp\/v2\/categories?post=42421"},{"taxonomy":"post_tag","embeddable":true,"href":"https:\/\/www.studiogera.de\/001\/wp-json\/wp\/v2\/tags?post=42421"}],"curies":[{"name":"wp","href":"https:\/\/api.w.org\/{rel}","templated":true}]}}