{"id":42426,"date":"2026-05-01T00:01:08","date_gmt":"2026-04-30T22:01:08","guid":{"rendered":"https:\/\/www.studiogera.de\/001\/?p=42426"},"modified":"2026-05-01T00:01:09","modified_gmt":"2026-04-30T22:01:09","slug":"versammlungen-am-1-mai-2026","status":"publish","type":"post","link":"https:\/\/www.studiogera.de\/001\/2026\/05\/01\/versammlungen-am-1-mai-2026\/","title":{"rendered":"VERSAMMLUNGEN AM 1. MAI 2026"},"content":{"rendered":"\n<p>Um 10 Uhr beginnt auf dem Marktplatz die Maiveranstaltung des Deutschen Gewerkschaftsbundes. Parteien, B\u00fcndnisse und Vereine sind mit Informationsst\u00e4nden vertreten.<\/p>\n\n\n\n<p>Die Partei \u201eDer III. Weg\u201c hat einen Aufzug durch die Stadt ab 14 Uhr angek\u00fcndigt. Erwartet werden bis zu einhundert Teilnehmer. Vorgesehen ist folgender Streckenverlauf: Eiselstra\u00dfe 177\u2014Wiesestra\u00dfe\u2014Karl-Marx-Allee\u2014Kopernikusstra\u00dfe\u2014Stra\u00dfe des Friedens\u2014Heinrichsbr\u00fccke\u2014Heinrichstra\u00dfe\u2014Breitscheidstra\u00dfe\u2014Puschkinplatz\u2014Ernst-Toller-Stra\u00dfe\u2014Hauptbahnhof.<\/p>\n\n\n\n<p>Das Aktionsb\u00fcndnis \u201eGera gegen Rechts\u201c hat eine Gegendemonstration angek\u00fcndigt, beginnend um 13.45 Uhr auf dem Museumsplatz. Es folgt ein Aufzug durch die Innenstadt, der bis l\u00e4ngstens 18 Uhr dauert und sich zwischen Talstra\u00dfe und Schlo\u00dfstra\u00dfe bewegt.<\/p>\n","protected":false},"excerpt":{"rendered":"<div class=\"mh-excerpt\"><p>Um 10 Uhr beginnt auf dem Marktplatz die Maiveranstaltung des Deutschen Gewerkschaftsbundes. Parteien, B\u00fcndnisse und Vereine sind mit Informationsst\u00e4nden vertreten. Die Partei \u201eDer III. Weg\u201c hat einen Aufzug durch die Stadt ab 14 Uhr angek\u00fcndigt. <a class=\"mh-excerpt-more\" href=\"https:\/\/www.studiogera.de\/001\/2026\/05\/01\/versammlungen-am-1-mai-2026\/\" title=\"VERSAMMLUNGEN AM 1. MAI 2026\">[&#8230;]<\/a><\/p>\n<\/div>","protected":false},"author":3,"featured_media":22601,"comment_status":"open","ping_status":"open","sticky":false,"template":"","format":"standard","meta":{"footnotes":""},"categories":[16],"tags":[],"class_list":{"0":"post-42426","1":"post","2":"type-post","3":"status-publish","4":"format-standard","5":"has-post-thumbnail","7":"category-kurzmitteilungen"},"_links":{"self":[{"href":"https:\/\/www.studiogera.de\/001\/wp-json\/wp\/v2\/posts\/42426","targetHints":{"allow":["GET"]}}],"collection":[{"href":"https:\/\/www.studiogera.de\/001\/wp-json\/wp\/v2\/posts"}],"about":[{"href":"https:\/\/www.studiogera.de\/001\/wp-json\/wp\/v2\/types\/post"}],"author":[{"embeddable":true,"href":"https:\/\/www.studiogera.de\/001\/wp-json\/wp\/v2\/users\/3"}],"replies":[{"embeddable":true,"href":"https:\/\/www.studiogera.de\/001\/wp-json\/wp\/v2\/comments?post=42426"}],"version-history":[{"count":2,"href":"https:\/\/www.studiogera.de\/001\/wp-json\/wp\/v2\/posts\/42426\/revisions"}],"predecessor-version":[{"id":42428,"href":"https:\/\/www.studiogera.de\/001\/wp-json\/wp\/v2\/posts\/42426\/revisions\/42428"}],"wp:featuredmedia":[{"embeddable":true,"href":"https:\/\/www.studiogera.de\/001\/wp-json\/wp\/v2\/media\/22601"}],"wp:attachment":[{"href":"https:\/\/www.studiogera.de\/001\/wp-json\/wp\/v2\/media?parent=42426"}],"wp:term":[{"taxonomy":"category","embeddable":true,"href":"https:\/\/www.studiogera.de\/001\/wp-json\/wp\/v2\/categories?post=42426"},{"taxonomy":"post_tag","embeddable":true,"href":"https:\/\/www.studiogera.de\/001\/wp-json\/wp\/v2\/tags?post=42426"}],"curies":[{"name":"wp","href":"https:\/\/api.w.org\/{rel}","templated":true}]}}