{"id":42429,"date":"2026-05-01T11:23:37","date_gmt":"2026-05-01T09:23:37","guid":{"rendered":"https:\/\/www.studiogera.de\/001\/?p=42429"},"modified":"2026-05-01T11:23:39","modified_gmt":"2026-05-01T09:23:39","slug":"hofwiesenfest-vom-1-bis-3-mai-2026","status":"publish","type":"post","link":"https:\/\/www.studiogera.de\/001\/2026\/05\/01\/hofwiesenfest-vom-1-bis-3-mai-2026\/","title":{"rendered":"HOFWIESENFEST VOM 1. BIS 3. MAI 2026"},"content":{"rendered":"\n<p>Vom 1. bis 3. Mai 2026 wird das gr\u00fcne Herz Geras wieder zur B\u00fchne f\u00fcr Sport, Kultur, Ehrenamt, Musik, Familienleben und nat\u00fcrlich auch kulinarische Vielfalt. Oberb\u00fcrgermeister Kurt Dannenberg wird das Fest am Freitag um 14 Uhr auf der gro\u00dfen B\u00fchne im Veranstaltungsoval er\u00f6ffnen. Es folgt ein Programm der Tanzschule Paunack. Um 14.30 Uhr beginnt der Umzug zum Brunnenfest im K\u00fcchengarten. H\u00f6hepunkt am Samstag ist die Rod-Stewart-Show ab 19.15 Uhr auf der gro\u00dfen B\u00fchne. Am Sonntag um 16.30 Uhr tritt dort Petra Zieger auf. Alle Programmpunkte sind auf der offiziellen Webseite der Stadt Gera zu finden.<\/p>\n\n\n\n<p><a href=\"https:\/\/www.gera.de\/maerkte-und-feste\/stadtfeste\/hofwiesenparkfest\">https:\/\/www.gera.de\/maerkte-und-feste\/stadtfeste\/hofwiesenparkfest<\/a><\/p>\n\n\n\n<p>Auf mehreren B\u00fchnen sorgen Musikgruppen, Ch\u00f6re, Tanzgruppen und Discjockeys drei Tage lang f\u00fcr beste Stimmung. Auf der Vereinswiese pr\u00e4sentieren sich Initiativen, Kulturtr\u00e4ger, soziale Einrichtungen und Sportvereine. Sie laden ein, mitzumachen. Und wenn Neptun im K\u00fcchengarten feierlich seinen Brunnen aus dem Winterschlaf erweckt, ist auch offiziell klar: Die Parksaison ist er\u00f6ffnet.<\/p>\n\n\n\n<p><strong>Neu 2026: Flohmarkt, Steampunk und Wanderkino<\/strong><\/p>\n\n\n\n<p>Premiere auf den Hofwiesen feiert in diesem Jahr der erste Floh- und Tr\u00f6delmarkt am Sonntag. Ge\u00f6ffnet hat er von 11 Uhr bis 18 Uhr. Die Resonanz nach dem Aufruf zur Teilnahme war \u00fcberw\u00e4ltigend: Mehr als einhundert private Anbieter sicherten sich einen der kostenfreien Standpl\u00e4tze. Von Spielzeug \u00fcber Kleidung, B\u00fccher und Tontr\u00e4ger bis hin zu handgemachten Kostbarkeiten. Beim Steampunk-Picknick laden retro-futuristische Kost\u00fcme, detailverliebte Accessoires und jede Menge Kreativit\u00e4t zum Staunen ein. Auf der Wiese an der Untermh\u00e4user Br\u00fccke bringt das Wanderkino Stummfilmklassiker auf die Leinwand \u2014 untermalt mit einem Piano, wie in fr\u00fcheren Zeiten.<\/p>\n\n\n\n<p><strong>Sportangebote<\/strong><\/p>\n\n\n\n<p>In der Sport-Arena pr\u00e4sentieren die Geraer Sportvereine ihre Angebote und laden ein, sich selbst auszuprobieren \u2014 kostenlos, unverbindlich und mit jeder Menge Spa\u00df. Wer schon lange \u00fcberlegt hat, ein neues Hobby anzufangen, findet hier vielleicht genau den richtigen Einstieg. Auf der Vereinswiese zeigen au\u00dferdem Initiativen, Kulturprojekte und soziale Einrichtungen, was in Gera alles passiert. Vom Mitmachangebot bis zum lockeren Gespr\u00e4ch.<\/p>\n\n\n\n<p><strong>Ein Fest f\u00fcr alle Generationen<\/strong><\/p>\n\n\n\n<p>W\u00e4hrend die Eltern sich informieren oder gem\u00fctlich durchs Weindorf schlendern, erobern die Kinder das Spieloval mit Bastelaktionen und Geras gr\u00f6\u00dftem Kinderspielplatz. Hier wird geh\u00fcpft, gelacht und ausprobiert.<\/p>\n\n\n\n<p>Ein besonderer Moment ist der traditionelle Babyempfang des Oberb\u00fcrgermeisters am Sonntag, den 3. Mai. Eingeladen sind alle Familien, die zwischen April 2025 und M\u00e4rz 2026 Nachwuchs bekommen haben. Neben Beratungsangeboten und Mitmachaktionen stehen Still- und Wickelbereiche selbstverst\u00e4ndlich bereit.<\/p>\n\n\n\n<p>Wer die Stadtgeschichte einmal anders erleben m\u00f6chte, schlie\u00dft sich einer Kost\u00fcmf\u00fchrung mit verschiedenen \u201eGerschen Originalen\u201c der G\u00e4stef\u00fchrer Region Gera e. V. an und entdeckt Gera aus ganz neuen Perspektiven.<\/p>\n\n\n\n<p><strong>Musik, Genuss und neue Lieblingsorte<\/strong><\/p>\n\n\n\n<p>Ob entspannte Kl\u00e4nge oder mitrei\u00dfende Beats: Die Sparkassen-Music-Lounge bringt besonders f\u00fcr das junge Publikum den passenden Sound in den Park.<\/p>\n\n\n\n<p>Im Weindorf schenken Winzer ausgew\u00e4hlte Tropfen aus, begleitet von Live-Musik \u2014 von Country bis Irish Folk. Hier entstehen diese typischen Hofwiesenparkfest-Momente: Freunde am Tisch, Musik in der Luft und das Gef\u00fchl, genau am richtigen Ort zu sein.<\/p>\n\n\n\n<p><strong>Wenn der Park zu leuchten beginnt<\/strong><\/p>\n\n\n\n<p>Eine gewachsene Tradition ist die Kooperation mit dem BUGA-F\u00f6rderverein zur Lichternacht. Am Samstagabend wird der Park rund um die Partnerschaftsg\u00e4rten in stimmungsvolles Licht getaucht. Tausende Kerzen, farbenfrohe Windlichter, ein stimmungsvoller Lampion- und Fackelumzug sowie das beliebte Ballongl\u00fchen tauchen den Park in eine einzigartige Atmosph\u00e4re.<\/p>\n\n\n\n<p><strong>Mehr als ein Fest \u2014 ein St\u00fcck Identit\u00e4t<\/strong><\/p>\n\n\n\n<p>Was viele nicht wissen: F\u00fcr die Vereine ist das Hofwiesenparkfest einer der wichtigsten Tage im Jahr. Neue Mitglieder, neue Kontakte, neue Impulse \u2014 es entstehen Netzwerke, die die Stadt lebendig halten.<\/p>\n\n\n\n<p><strong>Der Auftakt f\u00fcr ein besonderes Jahr<\/strong><\/p>\n\n\n\n<p>Mit dem Hofwiesenparkfest beginnt in Gera offiziell in die Freiluftsaison. Ein besonderer H\u00f6hepunkt wird das Stadtjubil\u00e4um \u201e789 Jahre Stadtrecht\u201c, gefeiert im Rahmen des H\u00f6hlerfestes unter anderem mit einem au\u00dfergew\u00f6hnlichen Festumzug.<\/p>\n\n\n\n<p>QUELLE: STADTVERWALTUNG<\/p>\n","protected":false},"excerpt":{"rendered":"<div class=\"mh-excerpt\"><p>Vom 1. bis 3. Mai 2026 wird das gr\u00fcne Herz Geras wieder zur B\u00fchne f\u00fcr Sport, Kultur, Ehrenamt, Musik, Familienleben und nat\u00fcrlich auch kulinarische Vielfalt. Oberb\u00fcrgermeister Kurt Dannenberg wird das Fest am Freitag um 14 <a class=\"mh-excerpt-more\" href=\"https:\/\/www.studiogera.de\/001\/2026\/05\/01\/hofwiesenfest-vom-1-bis-3-mai-2026\/\" title=\"HOFWIESENFEST VOM 1. BIS 3. MAI 2026\">[&#8230;]<\/a><\/p>\n<\/div>","protected":false},"author":2,"featured_media":42430,"comment_status":"open","ping_status":"open","sticky":false,"template":"","format":"standard","meta":{"footnotes":""},"categories":[8],"tags":[],"class_list":{"0":"post-42429","1":"post","2":"type-post","3":"status-publish","4":"format-standard","5":"has-post-thumbnail","7":"category-kultur"},"_links":{"self":[{"href":"https:\/\/www.studiogera.de\/001\/wp-json\/wp\/v2\/posts\/42429","targetHints":{"allow":["GET"]}}],"collection":[{"href":"https:\/\/www.studiogera.de\/001\/wp-json\/wp\/v2\/posts"}],"about":[{"href":"https:\/\/www.studiogera.de\/001\/wp-json\/wp\/v2\/types\/post"}],"author":[{"embeddable":true,"href":"https:\/\/www.studiogera.de\/001\/wp-json\/wp\/v2\/users\/2"}],"replies":[{"embeddable":true,"href":"https:\/\/www.studiogera.de\/001\/wp-json\/wp\/v2\/comments?post=42429"}],"version-history":[{"count":1,"href":"https:\/\/www.studiogera.de\/001\/wp-json\/wp\/v2\/posts\/42429\/revisions"}],"predecessor-version":[{"id":42431,"href":"https:\/\/www.studiogera.de\/001\/wp-json\/wp\/v2\/posts\/42429\/revisions\/42431"}],"wp:featuredmedia":[{"embeddable":true,"href":"https:\/\/www.studiogera.de\/001\/wp-json\/wp\/v2\/media\/42430"}],"wp:attachment":[{"href":"https:\/\/www.studiogera.de\/001\/wp-json\/wp\/v2\/media?parent=42429"}],"wp:term":[{"taxonomy":"category","embeddable":true,"href":"https:\/\/www.studiogera.de\/001\/wp-json\/wp\/v2\/categories?post=42429"},{"taxonomy":"post_tag","embeddable":true,"href":"https:\/\/www.studiogera.de\/001\/wp-json\/wp\/v2\/tags?post=42429"}],"curies":[{"name":"wp","href":"https:\/\/api.w.org\/{rel}","templated":true}]}}