{"id":42432,"date":"2026-05-01T13:10:00","date_gmt":"2026-05-01T11:10:00","guid":{"rendered":"https:\/\/www.studiogera.de\/001\/?p=42432"},"modified":"2026-05-01T11:35:10","modified_gmt":"2026-05-01T09:35:10","slug":"sonderfahrplaene-zum-hofwiesenfest-2","status":"publish","type":"post","link":"https:\/\/www.studiogera.de\/001\/2026\/05\/01\/sonderfahrplaene-zum-hofwiesenfest-2\/","title":{"rendered":"SONDERFAHRPL\u00c4NE ZUM HOFWIESENFEST"},"content":{"rendered":"\n<p>Zum 16. Hofwiesenparkfest vom 1. bis 3. Mai 2026 erh\u00f6ht der st\u00e4dtische Verkehrsbetrieb sein Fahrtenangebot im Stra\u00dfenbahnverkehr. Dabei kommen auch die neuen Fahrzeuge des Modells Tina zum Einsatz. Eingerichtet wird die Linie 5 zwischen Lusan\/Br\u00fcte und Untermhaus. Dieses Angebot besteht am Freitag und Samstag von 13 Uhr bis 19 Uhr alle 15 Minuten. Der 30-Minuten-Rhythmus gilt am Freitag bis 22 Uhr, am Samstag bis 21 Uhr. Auf der Linie 1 gilt am Freitag und Sonntag in der Zeit von 13 Uhr bis 16 Uhr ein 15.Minuten-Takt anstelle des regul\u00e4ren Fahrplanes f\u00fcr Feiertage und Sonntage.<\/p>\n","protected":false},"excerpt":{"rendered":"<div class=\"mh-excerpt\"><p>Zum 16. Hofwiesenparkfest vom 1. bis 3. Mai 2026 erh\u00f6ht der st\u00e4dtische Verkehrsbetrieb sein Fahrtenangebot im Stra\u00dfenbahnverkehr. Dabei kommen auch die neuen Fahrzeuge des Modells Tina zum Einsatz. Eingerichtet wird die Linie 5 zwischen Lusan\/Br\u00fcte <a class=\"mh-excerpt-more\" href=\"https:\/\/www.studiogera.de\/001\/2026\/05\/01\/sonderfahrplaene-zum-hofwiesenfest-2\/\" title=\"SONDERFAHRPL\u00c4NE ZUM HOFWIESENFEST\">[&#8230;]<\/a><\/p>\n<\/div>","protected":false},"author":2,"featured_media":36981,"comment_status":"open","ping_status":"open","sticky":false,"template":"","format":"standard","meta":{"footnotes":""},"categories":[16],"tags":[],"class_list":{"0":"post-42432","1":"post","2":"type-post","3":"status-publish","4":"format-standard","5":"has-post-thumbnail","7":"category-kurzmitteilungen"},"_links":{"self":[{"href":"https:\/\/www.studiogera.de\/001\/wp-json\/wp\/v2\/posts\/42432","targetHints":{"allow":["GET"]}}],"collection":[{"href":"https:\/\/www.studiogera.de\/001\/wp-json\/wp\/v2\/posts"}],"about":[{"href":"https:\/\/www.studiogera.de\/001\/wp-json\/wp\/v2\/types\/post"}],"author":[{"embeddable":true,"href":"https:\/\/www.studiogera.de\/001\/wp-json\/wp\/v2\/users\/2"}],"replies":[{"embeddable":true,"href":"https:\/\/www.studiogera.de\/001\/wp-json\/wp\/v2\/comments?post=42432"}],"version-history":[{"count":2,"href":"https:\/\/www.studiogera.de\/001\/wp-json\/wp\/v2\/posts\/42432\/revisions"}],"predecessor-version":[{"id":42434,"href":"https:\/\/www.studiogera.de\/001\/wp-json\/wp\/v2\/posts\/42432\/revisions\/42434"}],"wp:featuredmedia":[{"embeddable":true,"href":"https:\/\/www.studiogera.de\/001\/wp-json\/wp\/v2\/media\/36981"}],"wp:attachment":[{"href":"https:\/\/www.studiogera.de\/001\/wp-json\/wp\/v2\/media?parent=42432"}],"wp:term":[{"taxonomy":"category","embeddable":true,"href":"https:\/\/www.studiogera.de\/001\/wp-json\/wp\/v2\/categories?post=42432"},{"taxonomy":"post_tag","embeddable":true,"href":"https:\/\/www.studiogera.de\/001\/wp-json\/wp\/v2\/tags?post=42432"}],"curies":[{"name":"wp","href":"https:\/\/api.w.org\/{rel}","templated":true}]}}