{"id":42435,"date":"2026-05-01T12:14:34","date_gmt":"2026-05-01T10:14:34","guid":{"rendered":"https:\/\/www.studiogera.de\/001\/?p=42435"},"modified":"2026-05-01T12:14:35","modified_gmt":"2026-05-01T10:14:35","slug":"das-theater-vom-1-bis-3-mai-2026","status":"publish","type":"post","link":"https:\/\/www.studiogera.de\/001\/2026\/05\/01\/das-theater-vom-1-bis-3-mai-2026\/","title":{"rendered":"DAS THEATER VOM 1. BIS 3. MAI 2026"},"content":{"rendered":"\n<p>Am Wochenende bietet das Theater in Gera ein Opernerlebnis mit den sch\u00f6nsten Melodien, einen Tanzabend mit dem Kinder- und Jugendballett, gibt Einklicke in die Entstehung des Balletts \u201eRomeo und Julia\u201c, bringt das \u201eSchneewittchen\u201c auf die B\u00fchne des Puppentheaters und l\u00e4dt zur \u201eRiemannoper\u201c ein.<\/p>\n\n\n\n<p>GERA<\/p>\n\n\n\n<p><strong>\u201eKomm mit nach Varasdin!\u201c \u2013 Ein Operettenerlebnis mit den sch\u00f6nsten Melodien<br><\/strong>Das Theater Altenburg Gera l\u00e4dt am Freitag, den 1. Mai 2026, um 14.30 in den Konzertsaal Gera zu einer musikalischen Reise der besonderen Art ein: \u201eKomm mit nach Varasdin!\u201c vereint die sch\u00f6nsten Operettenmelodien in einem heiteren Abend. Mitreisende auf dieser Tour durch die Evergreens des Operettenrepertoires sind in jedem Fall Johann Strauss Sohn, Franz Leh\u00e1r, Emmerich K\u00e1lm\u00e1n und viele weitere in einer Reise in die gute alte Zeit der Operette \u2013 inklusive Ohrwurm-Garantie!<\/p>\n\n\n\n<p><strong>Kinder- und Jugendballett pr\u00e4sentiert Tanzabend<br><\/strong>Die Magie der Nacht und die Tr\u00e4ume und Geheimnisse der sp\u00e4ten Stunden \u2013 all das steht im Zentrum der neuen Inszenierung des Kinder- und Jugendballetts des Theaters Altenburg Gera. Unter dem Titel \u201eDie blaue Stunde \u2013 Ein Tanzabend zur Nacht\u201c entfalten die Nachwuchst\u00e4nzer am Samstag, den 2. Mai, um 15 Uhr und um 17 Uhr in der B\u00fchne am Park Gera einen Ballettabend, der das Publikum in eine geheimnisvolle Welt zwischen Tag und Nacht entf\u00fchrt.<\/p>\n\n\n\n<p><strong>Matinee zum Ballett \u201eRomeo und Julia\u201c gibt Einblicke in die Entstehung eines Klassikers<br><\/strong>Am Sonntag, den 3. Mai, um 11 Uhr l\u00e4dt das Th\u00fcringer Staatsballett zur Matinee des Ballettklassikers \u201eRomeo und Julia\u201c ins Gro\u00dfe Haus Gera ein. Die Veranstaltung bietet dem Publikum einen exklusiven Einblick in die Entstehung der neuen Produktion, die am Freitag, den 8. Mai, um 19.30 Uhr im Rahmen des \u201eInternationalen BallettFestivals Gera26\u201c ihre Premiere feiert und damit das Festival offiziell er\u00f6ffnet.<\/p>\n\n\n\n<p><strong>Puppentheater f\u00fcr die Kleinsten<br><\/strong>F\u00fcr kleine M\u00e4rchenfreunde ab vier Jahren stattet \u201eSchneewittchen\u201c dem Puppentheater Gera einen Besuch ab. Das St\u00fcck, gespielt von den Puppenspielern Steffi K\u00f6nig und Puppenspieler Tobias Wei\u00dfhaupt, ist am Sonntag, den 3. Mai, um 11 Uhr im Puppentheater Gera zu erleben.<\/p>\n\n\n\n<p><strong>Belebtes Lexikonwissen \u2013 Die \u201eRiemannoper\u201c feiert Premiere in Gera<br><\/strong>Heute schauen die meisten f\u00fcr musikalische Begriffe vermutlich automatisch bei Wikipedia nach. Fr\u00fcher gab es daf\u00fcr dickleibige Lexika. Und wie man heute im Internet den Links folgt, so ist fr\u00fcher der eine oder andere Musik-Nerd durch \u201eRiemanns Musiklexikon\u201c aus dem Jahr 1882 gesurft. Der amerikanische Komponist Tom Johnson kam 1988 auf die eigenwillige wie skurrile Idee, eine Oper \u00fcber die Operngeschichte zu komponieren \u2013 wie sie im \u201eRiemann\u201c nachzulesen ist. Eine Oper also, die auf Lexikonartikeln beruht. Das Musiklexikon der etwas anderen Art und mit einer geh\u00f6rigen Portion Augenzwinkern ist am Sonntag, den 3. Mai, um 18 in der B\u00fchne am Park Gera zu erleben.<\/p>\n\n\n\n<p>ALTENBURG<\/p>\n\n\n\n<p><strong>East meets West \u2013 Kammerkonzert im Heizhaus Altenburg<br><\/strong>Unter dem Titel \u201eEast meets West\u201c l\u00e4dt das Theater Altenburg Gera am Sonntag, den 3. Mai, um 11 Uhr zu einem Kammerkonzert ins Heizhaus Altenburg ein.Im Mittelpunkt des Programms steht die Verbindung von westeurop\u00e4ischer Musiktradition mit osteurop\u00e4ischen Einfl\u00fcssen. Auf dem Programm stehen Werke von Sergei Taneyev aus Russland, Zolt\u00e1n Kod\u00e1ly aus Ungarn und Anton\u00edn Dvo\u0159\u00e1k aus Tschechien.Eine Besonderheit des Konzerts ist die selten zu h\u00f6rende Besetzung: Ein Streichtrio mit zwei Violinen und einer Viola. Es musizieren Kaewon Ma (Violine), Yeojin Lee (Violine) und Yeaji Kang (Viola).<\/p>\n\n\n\n<p><strong>Ghosten geht gar nicht! \u2013 Literaturklassiker \u201eMinna von Barnhelm\u201c auf der B\u00fchne in Altenburg<br><\/strong>Wenn Stolz auf Liebe trifft, entstehen turbulente Verwicklungen \u2013 und gro\u00dfe Unterhaltung. \u201eMinna von Barnhelm oder das Soldatengl\u00fcck\u201c von Gotthold Ephraim Lessing erz\u00e4hlt mit viel Witz von den Schattenseiten falsch verstandener M\u00e4nnlichkeit und starken Frauen, die ihrer Zeit weit voraus sind. In einer Inszenierung von Catharina May feiert das St\u00fcck am Sonntag, den 3. Mai, um 18 Uhr Premiere im Theaterzelt Altenburg.<\/p>\n\n\n\n<p>Eintrittskarten sind an den Theaterkassen sowie \u00fcber die Webseite des Theaters erh\u00e4ltlich. Diese sind unter der Rufnummer 0365 8279105 bzw. 03447 585160 sowie \u00fcber \u201ehttps:\/\/theater-altenburg-gera.de\/\u201d erreichbar.<\/p>\n\n\n\n<p>QUELLE: THEATER ALTENBURG GERA GGMBH<\/p>\n","protected":false},"excerpt":{"rendered":"<div class=\"mh-excerpt\"><p>Am Wochenende bietet das Theater in Gera ein Opernerlebnis mit den sch\u00f6nsten Melodien, einen Tanzabend mit dem Kinder- und Jugendballett, gibt Einklicke in die Entstehung des Balletts \u201eRomeo und Julia\u201c, bringt das \u201eSchneewittchen\u201c auf die <a class=\"mh-excerpt-more\" href=\"https:\/\/www.studiogera.de\/001\/2026\/05\/01\/das-theater-vom-1-bis-3-mai-2026\/\" title=\"DAS THEATER VOM 1. BIS 3. MAI 2026\">[&#8230;]<\/a><\/p>\n<\/div>","protected":false},"author":2,"featured_media":42437,"comment_status":"open","ping_status":"open","sticky":false,"template":"","format":"standard","meta":{"footnotes":""},"categories":[15],"tags":[],"class_list":{"0":"post-42435","1":"post","2":"type-post","3":"status-publish","4":"format-standard","5":"has-post-thumbnail","7":"category-theater"},"_links":{"self":[{"href":"https:\/\/www.studiogera.de\/001\/wp-json\/wp\/v2\/posts\/42435","targetHints":{"allow":["GET"]}}],"collection":[{"href":"https:\/\/www.studiogera.de\/001\/wp-json\/wp\/v2\/posts"}],"about":[{"href":"https:\/\/www.studiogera.de\/001\/wp-json\/wp\/v2\/types\/post"}],"author":[{"embeddable":true,"href":"https:\/\/www.studiogera.de\/001\/wp-json\/wp\/v2\/users\/2"}],"replies":[{"embeddable":true,"href":"https:\/\/www.studiogera.de\/001\/wp-json\/wp\/v2\/comments?post=42435"}],"version-history":[{"count":2,"href":"https:\/\/www.studiogera.de\/001\/wp-json\/wp\/v2\/posts\/42435\/revisions"}],"predecessor-version":[{"id":42438,"href":"https:\/\/www.studiogera.de\/001\/wp-json\/wp\/v2\/posts\/42435\/revisions\/42438"}],"wp:featuredmedia":[{"embeddable":true,"href":"https:\/\/www.studiogera.de\/001\/wp-json\/wp\/v2\/media\/42437"}],"wp:attachment":[{"href":"https:\/\/www.studiogera.de\/001\/wp-json\/wp\/v2\/media?parent=42435"}],"wp:term":[{"taxonomy":"category","embeddable":true,"href":"https:\/\/www.studiogera.de\/001\/wp-json\/wp\/v2\/categories?post=42435"},{"taxonomy":"post_tag","embeddable":true,"href":"https:\/\/www.studiogera.de\/001\/wp-json\/wp\/v2\/tags?post=42435"}],"curies":[{"name":"wp","href":"https:\/\/api.w.org\/{rel}","templated":true}]}}