{"id":42443,"date":"2026-05-02T12:14:34","date_gmt":"2026-05-02T10:14:34","guid":{"rendered":"https:\/\/www.studiogera.de\/001\/?p=42443"},"modified":"2026-05-02T12:14:35","modified_gmt":"2026-05-02T10:14:35","slug":"veranstaltungen-am-samstag-143","status":"publish","type":"post","link":"https:\/\/www.studiogera.de\/001\/2026\/05\/02\/veranstaltungen-am-samstag-143\/","title":{"rendered":"VERANSTALTUNGEN AM SAMSTAG"},"content":{"rendered":"\n<p>Gr\u00f6\u00dfte Veranstaltung am Wochenende ist das Fest im Hofwiesenpark, zweitgr\u00f6\u00dfte das Fr\u00fchlingsvolksfest der Schausteller auf dem Parkplatz am K\u00fcchengarten. Das Programm auf den Hofwiesen beginnt um 11 Uhr. Um 19 Uhr wird die Lichternacht er\u00f6ffnet. Die Rod-Stewart-Show auf der gro\u00dfen B\u00fchne beginnt um 19.15 Uhr, das Ballongl\u00fchen mit zehn Hei\u00dfluftballons um 21.50 Uhr.<\/p>\n\n\n\n<p>Im Otto-Dix-Haus kann weiterhin die Sonderausstellung \u201eWie Hund und Katze. Tierdarstellungen aus der Kunstsammlung Gera\u201c besucht werden. Tiere sind beliebte Motive in der Kunst. Sie spiegeln die Beziehung des Menschen zu seinen Mitgesch\u00f6pfen wider und bieten zugleich tiefere Einblicke in gesellschaftliche, religi\u00f6se und symbolische Bedeutungen. Das Otto-Dix-Haus pr\u00e4sentiert mit der Ausstellung aus dem eigenen Bestand eine spannende Auswahl von Werken zum Thema Tiere, die einen Zeitraum von rund 350 Jahren umfasst. Nicht nur Otto Dix, sondern auch viele andere, bekannte und auch g\u00e4nzlich unbekannte K\u00fcnstler, widmeten sich diesem Thema in den unterschiedlichsten Techniken und setzten ihre Protagonisten facettenreich in Szene.<\/p>\n\n\n\n<p>Besucht werden k\u00f6nnen auch die andern st\u00e4dtischen Museen, die H\u00f6hler, der Tierpark und das Hofwiesenbad.<\/p>\n\n\n\n<p>Auf dem Sportplatz in Scheubengrobsdorf wird um 15 Uhr das Fu\u00dfballspiel TSV Gera Westvororte gegen den FC Th\u00fcringen Weida angepfiffen.<\/p>\n\n\n\n<p>Im Seven-Club legt DJ Schubi ab 22 Uhr Musik der 1980er Jahre auf. Danach folgt DJ Nick mit Musik der 1990er Jahre. Der Zutritt ist ab einem Alter von 18 Jahren m\u00f6glich.<br><\/p>\n","protected":false},"excerpt":{"rendered":"<div class=\"mh-excerpt\"><p>Gr\u00f6\u00dfte Veranstaltung am Wochenende ist das Fest im Hofwiesenpark, zweitgr\u00f6\u00dfte das Fr\u00fchlingsvolksfest der Schausteller auf dem Parkplatz am K\u00fcchengarten. Das Programm auf den Hofwiesen beginnt um 11 Uhr. Um 19 Uhr wird die Lichternacht er\u00f6ffnet. <a class=\"mh-excerpt-more\" href=\"https:\/\/www.studiogera.de\/001\/2026\/05\/02\/veranstaltungen-am-samstag-143\/\" title=\"VERANSTALTUNGEN AM SAMSTAG\">[&#8230;]<\/a><\/p>\n<\/div>","protected":false},"author":2,"featured_media":42273,"comment_status":"open","ping_status":"open","sticky":false,"template":"","format":"standard","meta":{"footnotes":""},"categories":[16],"tags":[],"class_list":{"0":"post-42443","1":"post","2":"type-post","3":"status-publish","4":"format-standard","5":"has-post-thumbnail","7":"category-kurzmitteilungen"},"_links":{"self":[{"href":"https:\/\/www.studiogera.de\/001\/wp-json\/wp\/v2\/posts\/42443","targetHints":{"allow":["GET"]}}],"collection":[{"href":"https:\/\/www.studiogera.de\/001\/wp-json\/wp\/v2\/posts"}],"about":[{"href":"https:\/\/www.studiogera.de\/001\/wp-json\/wp\/v2\/types\/post"}],"author":[{"embeddable":true,"href":"https:\/\/www.studiogera.de\/001\/wp-json\/wp\/v2\/users\/2"}],"replies":[{"embeddable":true,"href":"https:\/\/www.studiogera.de\/001\/wp-json\/wp\/v2\/comments?post=42443"}],"version-history":[{"count":1,"href":"https:\/\/www.studiogera.de\/001\/wp-json\/wp\/v2\/posts\/42443\/revisions"}],"predecessor-version":[{"id":42444,"href":"https:\/\/www.studiogera.de\/001\/wp-json\/wp\/v2\/posts\/42443\/revisions\/42444"}],"wp:featuredmedia":[{"embeddable":true,"href":"https:\/\/www.studiogera.de\/001\/wp-json\/wp\/v2\/media\/42273"}],"wp:attachment":[{"href":"https:\/\/www.studiogera.de\/001\/wp-json\/wp\/v2\/media?parent=42443"}],"wp:term":[{"taxonomy":"category","embeddable":true,"href":"https:\/\/www.studiogera.de\/001\/wp-json\/wp\/v2\/categories?post=42443"},{"taxonomy":"post_tag","embeddable":true,"href":"https:\/\/www.studiogera.de\/001\/wp-json\/wp\/v2\/tags?post=42443"}],"curies":[{"name":"wp","href":"https:\/\/api.w.org\/{rel}","templated":true}]}}