{"id":42458,"date":"2026-05-03T10:37:04","date_gmt":"2026-05-03T08:37:04","guid":{"rendered":"https:\/\/www.studiogera.de\/001\/?p=42458"},"modified":"2026-05-03T10:38:16","modified_gmt":"2026-05-03T08:38:16","slug":"schlaegerei-in-nachtlokal","status":"publish","type":"post","link":"https:\/\/www.studiogera.de\/001\/2026\/05\/03\/schlaegerei-in-nachtlokal\/","title":{"rendered":"SCHL\u00c4GEREI IN NACHTLOKAL"},"content":{"rendered":"\n<p>Freitagnacht gegen 3.30 Uhr gerieten zwei M\u00e4nner in einem Lokal in der Innenstadt aneinander. Zun\u00e4chst entbrannte zwischen den alkoholisierten Feiernden ein verbaler Streit, welcher jedoch schnell k\u00f6rperlich wurde. Ein 30-J\u00e4hriger schlug hierbei seinem 44-j\u00e4hrigen Kontrahenten mit einem Bierglas auf den Kopf, wodurch dieser verletzt und zur weiteren Behandlung ins Klinikum verbracht wurde. Der Schl\u00e4ger erlitt ebenfalls leichte Schnittverletzungen an der Hand. Die Polizei nahm im Fall 0107407\/2026 eine Anzeige wegen gef\u00e4hrlicher K\u00f6rperverletzung auf und erteilte dem Aggressor einen Platzverweis.<\/p>\n","protected":false},"excerpt":{"rendered":"<div class=\"mh-excerpt\"><p>Freitagnacht gegen 3.30 Uhr gerieten zwei M\u00e4nner in einem Lokal in der Innenstadt aneinander. Zun\u00e4chst entbrannte zwischen den alkoholisierten Feiernden ein verbaler Streit, welcher jedoch schnell k\u00f6rperlich wurde. Ein 30-J\u00e4hriger schlug hierbei seinem 44-j\u00e4hrigen Kontrahenten <a class=\"mh-excerpt-more\" href=\"https:\/\/www.studiogera.de\/001\/2026\/05\/03\/schlaegerei-in-nachtlokal\/\" title=\"SCHL\u00c4GEREI IN NACHTLOKAL\">[&#8230;]<\/a><\/p>\n<\/div>","protected":false},"author":2,"featured_media":33260,"comment_status":"open","ping_status":"open","sticky":false,"template":"","format":"standard","meta":{"footnotes":""},"categories":[13],"tags":[],"class_list":{"0":"post-42458","1":"post","2":"type-post","3":"status-publish","4":"format-standard","5":"has-post-thumbnail","7":"category-polizeiberichte"},"_links":{"self":[{"href":"https:\/\/www.studiogera.de\/001\/wp-json\/wp\/v2\/posts\/42458","targetHints":{"allow":["GET"]}}],"collection":[{"href":"https:\/\/www.studiogera.de\/001\/wp-json\/wp\/v2\/posts"}],"about":[{"href":"https:\/\/www.studiogera.de\/001\/wp-json\/wp\/v2\/types\/post"}],"author":[{"embeddable":true,"href":"https:\/\/www.studiogera.de\/001\/wp-json\/wp\/v2\/users\/2"}],"replies":[{"embeddable":true,"href":"https:\/\/www.studiogera.de\/001\/wp-json\/wp\/v2\/comments?post=42458"}],"version-history":[{"count":2,"href":"https:\/\/www.studiogera.de\/001\/wp-json\/wp\/v2\/posts\/42458\/revisions"}],"predecessor-version":[{"id":42460,"href":"https:\/\/www.studiogera.de\/001\/wp-json\/wp\/v2\/posts\/42458\/revisions\/42460"}],"wp:featuredmedia":[{"embeddable":true,"href":"https:\/\/www.studiogera.de\/001\/wp-json\/wp\/v2\/media\/33260"}],"wp:attachment":[{"href":"https:\/\/www.studiogera.de\/001\/wp-json\/wp\/v2\/media?parent=42458"}],"wp:term":[{"taxonomy":"category","embeddable":true,"href":"https:\/\/www.studiogera.de\/001\/wp-json\/wp\/v2\/categories?post=42458"},{"taxonomy":"post_tag","embeddable":true,"href":"https:\/\/www.studiogera.de\/001\/wp-json\/wp\/v2\/tags?post=42458"}],"curies":[{"name":"wp","href":"https:\/\/api.w.org\/{rel}","templated":true}]}}