{"id":44241,"date":"2026-08-31T06:48:40","date_gmt":"2026-08-31T04:48:40","guid":{"rendered":"https:\/\/www.studiogera.de\/001\/?p=44241"},"modified":"2026-08-31T06:48:41","modified_gmt":"2026-08-31T04:48:41","slug":"deutsche-meisterschaften-im-fallschirmsport","status":"publish","type":"post","link":"https:\/\/www.studiogera.de\/001\/2026\/08\/31\/deutsche-meisterschaften-im-fallschirmsport\/","title":{"rendered":"DEUTSCHE MEISTERSCHAFTEN IM FALLSCHIRMSPORT"},"content":{"rendered":"\n<p class=\"wp-block-paragraph\">Vom 31. August bis 5. September 2026 werden \u00fcber dem Flugplatz an der Ronneburger Stra\u00dfe die Deutschen Meisterschaften 2026 in den Freifalldisziplinen ausgetragen. Bereits 170 Teilnehmer haben sich angemeldet. Dar\u00fcber hinaus wird die Nationalmannschaft aus Katar\u00a0erwartet. Ausrichter ist die Aero Fallschirmsport &amp; FSZ Kassel e. V., die den Sprungplatz regelm\u00e4\u00dfig f\u00fcr den Sprungbetrieb mitbenutzt. Die Veranstaltung beginnt mit organisatorischen Besprechungen und Trainingsm\u00f6glichkeiten aus Wettkampfflugzeugen. Es folgen am 1. September die Wettbewerbsspr\u00fcnge in allen ausgeschriebenen Disziplinen. Die Veranstaltung endet mit der Siegerehrung, Abschlusszeremonie sowie der Abschlussfeier am 5. September ab 19 Uhr.<\/p>\n","protected":false},"excerpt":{"rendered":"<div class=\"mh-excerpt\"><p>Vom 31. August bis 5. September 2026 werden \u00fcber dem Flugplatz an der Ronneburger Stra\u00dfe die Deutschen Meisterschaften 2026 in den Freifalldisziplinen ausgetragen. Bereits 170 Teilnehmer haben sich angemeldet. Dar\u00fcber hinaus wird die Nationalmannschaft aus <a class=\"mh-excerpt-more\" href=\"https:\/\/www.studiogera.de\/001\/2026\/08\/31\/deutsche-meisterschaften-im-fallschirmsport\/\" title=\"DEUTSCHE MEISTERSCHAFTEN IM FALLSCHIRMSPORT\">[&#8230;]<\/a><\/p>\n<\/div>","protected":false},"author":2,"featured_media":22617,"comment_status":"open","ping_status":"open","sticky":false,"template":"","format":"standard","meta":{"footnotes":""},"categories":[16],"tags":[],"class_list":["post-44241","post","type-post","status-publish","format-standard","has-post-thumbnail","category-kurzmitteilungen"],"_links":{"self":[{"href":"https:\/\/www.studiogera.de\/001\/wp-json\/wp\/v2\/posts\/44241","targetHints":{"allow":["GET"]}}],"collection":[{"href":"https:\/\/www.studiogera.de\/001\/wp-json\/wp\/v2\/posts"}],"about":[{"href":"https:\/\/www.studiogera.de\/001\/wp-json\/wp\/v2\/types\/post"}],"author":[{"embeddable":true,"href":"https:\/\/www.studiogera.de\/001\/wp-json\/wp\/v2\/users\/2"}],"replies":[{"embeddable":true,"href":"https:\/\/www.studiogera.de\/001\/wp-json\/wp\/v2\/comments?post=44241"}],"version-history":[{"count":3,"href":"https:\/\/www.studiogera.de\/001\/wp-json\/wp\/v2\/posts\/44241\/revisions"}],"predecessor-version":[{"id":44244,"href":"https:\/\/www.studiogera.de\/001\/wp-json\/wp\/v2\/posts\/44241\/revisions\/44244"}],"wp:featuredmedia":[{"embeddable":true,"href":"https:\/\/www.studiogera.de\/001\/wp-json\/wp\/v2\/media\/22617"}],"wp:attachment":[{"href":"https:\/\/www.studiogera.de\/001\/wp-json\/wp\/v2\/media?parent=44241"}],"wp:term":[{"taxonomy":"category","embeddable":true,"href":"https:\/\/www.studiogera.de\/001\/wp-json\/wp\/v2\/categories?post=44241"},{"taxonomy":"post_tag","embeddable":true,"href":"https:\/\/www.studiogera.de\/001\/wp-json\/wp\/v2\/tags?post=44241"}],"curies":[{"name":"wp","href":"https:\/\/api.w.org\/{rel}","templated":true}]}}