{"id":44251,"date":"2026-08-31T19:37:45","date_gmt":"2026-08-31T17:37:45","guid":{"rendered":"https:\/\/www.studiogera.de\/001\/?p=44251"},"modified":"2026-08-31T19:38:37","modified_gmt":"2026-08-31T17:38:37","slug":"ausstellungswechsel-im-stadtmuseum","status":"publish","type":"post","link":"https:\/\/www.studiogera.de\/001\/2026\/08\/31\/ausstellungswechsel-im-stadtmuseum\/","title":{"rendered":"AUSSTELLUNGSWECHSEL IM STADTMUSEUM"},"content":{"rendered":"\n<p class=\"wp-block-paragraph\">Das Stadtmuseum bleibt vom 7. bis einschlie\u00dflich 13. September 2026 f\u00fcr Besucher geschlossen. Grund f\u00fcr die kurzzeitige Schlie\u00dfung ist ein Ausstellungswechsel. In dieser Zeit werden die gegenw\u00e4rtige Sonder- und Studioausstellung abgebaut und die Ausstellungsr\u00e4ume f\u00fcr die kommenden Pr\u00e4sentationen vorbereitet.<\/p>\n\n\n\n<p class=\"wp-block-paragraph\">Noch bis zum 6. September 2026 besteht die Gelegenheit, die beiden noch laufenden Fotoausstellungen zu besuchen: Die Sonderausstellung \u201eZentral\u201c pr\u00e4sentiert herausragende Portr\u00e4ts des Fotografen Peter Hartwig, w\u00e4hrend die Studioausstellung \u201eAbstrakt\u201c fotografische Abschlussarbeiten der SBBS Wirtschaft und Verwaltung Gera zeigt.<\/p>\n\n\n\n<p class=\"wp-block-paragraph\">Bereits ab dem 20. September 2026 ist im Stadtmuseum die neue Studioausstellung \u201eWir sehen was, was ihr nicht seht\u201c des Vereins Virtuosen und Schmierfinken zu sehen. Pr\u00e4sentiert werden Malereien, Grafiken, Objekte und Filme, die in den Kursen und Workshops des Geraer Vereins f\u00fcr kulturelle Bildung entstanden sind.<\/p>\n\n\n\n<p class=\"wp-block-paragraph\">Ein weiterer Ausstellungswechsel folgt Anfang Oktober: P\u00fcnktlich zum H\u00f6hlerfest er\u00f6ffnet am 3. Oktober 2026 die neue Sonderausstellung \u201eFantastische Welten\u201c, die Einblicke in die Arbeit des Puppentheaters Gera gew\u00e4hrt. Die Ausstatter und Puppenbauer Jan Hofmann, Christian Werdin, Udo Schneewei\u00df und gegenw\u00e4rtig Beatrice Baumann haben das Erscheinungsbild des Puppentheaters in den vergangenen Jahrzehnten wesentlich gepr\u00e4gt. Ihrem k\u00fcnstlerischen Schaffen und den dabei entstandenen fantastischen B\u00fchnenwelten widmet sich die Ausstellung.<\/p>\n\n\n\n<p class=\"wp-block-paragraph\">Nach der einw\u00f6chigen Schlie\u00dfzeit wird das Stadtmuseum ab 14. September 2026 wieder zu den regul\u00e4ren \u00d6ffnungszeiten f\u00fcr Besucher ge\u00f6ffnet sein.<\/p>\n\n\n\n<p class=\"wp-block-paragraph\">Von der Schlie\u00dfung nicht betroffen sind die museumsp\u00e4dagogischen Angebote des Stadtmuseums. Bereits vereinbarte Veranstaltungen und Termine k\u00f6nnen wie geplant stattfinden.<\/p>\n\n\n\n<p class=\"wp-block-paragraph\">QUELLE: STADTVERWALTUNG<\/p>\n","protected":false},"excerpt":{"rendered":"<div class=\"mh-excerpt\"><p>Das Stadtmuseum bleibt vom 7. bis einschlie\u00dflich 13. September 2026 f\u00fcr Besucher geschlossen. Grund f\u00fcr die kurzzeitige Schlie\u00dfung ist ein Ausstellungswechsel. In dieser Zeit werden die gegenw\u00e4rtige Sonder- und Studioausstellung abgebaut und die Ausstellungsr\u00e4ume f\u00fcr <a class=\"mh-excerpt-more\" href=\"https:\/\/www.studiogera.de\/001\/2026\/08\/31\/ausstellungswechsel-im-stadtmuseum\/\" title=\"AUSSTELLUNGSWECHSEL IM STADTMUSEUM\">[&#8230;]<\/a><\/p>\n<\/div>","protected":false},"author":2,"featured_media":31358,"comment_status":"open","ping_status":"open","sticky":false,"template":"","format":"standard","meta":{"footnotes":""},"categories":[8],"tags":[],"class_list":["post-44251","post","type-post","status-publish","format-standard","has-post-thumbnail","category-kultur"],"_links":{"self":[{"href":"https:\/\/www.studiogera.de\/001\/wp-json\/wp\/v2\/posts\/44251","targetHints":{"allow":["GET"]}}],"collection":[{"href":"https:\/\/www.studiogera.de\/001\/wp-json\/wp\/v2\/posts"}],"about":[{"href":"https:\/\/www.studiogera.de\/001\/wp-json\/wp\/v2\/types\/post"}],"author":[{"embeddable":true,"href":"https:\/\/www.studiogera.de\/001\/wp-json\/wp\/v2\/users\/2"}],"replies":[{"embeddable":true,"href":"https:\/\/www.studiogera.de\/001\/wp-json\/wp\/v2\/comments?post=44251"}],"version-history":[{"count":2,"href":"https:\/\/www.studiogera.de\/001\/wp-json\/wp\/v2\/posts\/44251\/revisions"}],"predecessor-version":[{"id":44253,"href":"https:\/\/www.studiogera.de\/001\/wp-json\/wp\/v2\/posts\/44251\/revisions\/44253"}],"wp:featuredmedia":[{"embeddable":true,"href":"https:\/\/www.studiogera.de\/001\/wp-json\/wp\/v2\/media\/31358"}],"wp:attachment":[{"href":"https:\/\/www.studiogera.de\/001\/wp-json\/wp\/v2\/media?parent=44251"}],"wp:term":[{"taxonomy":"category","embeddable":true,"href":"https:\/\/www.studiogera.de\/001\/wp-json\/wp\/v2\/categories?post=44251"},{"taxonomy":"post_tag","embeddable":true,"href":"https:\/\/www.studiogera.de\/001\/wp-json\/wp\/v2\/tags?post=44251"}],"curies":[{"name":"wp","href":"https:\/\/api.w.org\/{rel}","templated":true}]}}