{"id":44254,"date":"2026-08-31T19:44:12","date_gmt":"2026-08-31T17:44:12","guid":{"rendered":"https:\/\/www.studiogera.de\/001\/?p=44254"},"modified":"2026-08-31T19:44:14","modified_gmt":"2026-08-31T17:44:14","slug":"stadt-investiert-in-saubere-fahrgast-unterstaende","status":"publish","type":"post","link":"https:\/\/www.studiogera.de\/001\/2026\/08\/31\/stadt-investiert-in-saubere-fahrgast-unterstaende\/","title":{"rendered":"STADT INVESTIERT IN SAUBERE FAHRGAST-UNTERST\u00c4NDE"},"content":{"rendered":"\n<p class=\"wp-block-paragraph\">Saubere und intakte Fahrgastunterst\u00e4nde tragen zu einem attraktiven Stadtbild und einem angenehmen \u00f6ffentlichen Nahverkehr bei. Deshalb hat die Stadt Gera die Betreuung ihrer Fahrgastunterst\u00e4nde neu organisiert: Seit dem 1. April 2026 \u00fcbernimmt ein durch das Tiefbauamt der Stadt Gera beauftragtes Unternehmen die regelm\u00e4\u00dfige Reinigung sowie kleinere Wartungs- und Instandhaltungsarbeiten. Neben der regelm\u00e4\u00dfigen Reinigung werden schrittweise auch bestehende Sch\u00e4den beseitigt. So werden derzeit zahlreiche defekte Scheiben an Fahrgastunterst\u00e4nden und Werbevitrinen im gesamten Stadtgebiet ersetzt. Dar\u00fcber hinaus erfolgen Reparaturen an Fahrplanvitrinen. Eine besondere Herausforderung bleibt die Beseitigung von Graffiti. Vor allem sogenannte Tags sowie teilweise auch verfassungsfeindliche Schmierereien lassen sich derzeit nicht im gew\u00fcnschten Umfang entfernen. Gemeinsam mit dem beauftragten Unternehmen arbeitet die Stadt an praktikablen L\u00f6sungen, um auch diesen Bereich k\u00fcnftig besser abzudecken. An besonders durch Vandalismus gef\u00e4hrdeten Standorten kommen k\u00fcnftig teilweise robuste Blechverkleidungen anstelle von Glas zum Einsatz. Gleichzeitig pr\u00fcft die Stadt kreative L\u00f6sungen f\u00fcr besonders betroffene Haltestellen. So ist vorgesehen, ausgew\u00e4hlte Blechfl\u00e4chen im Rahmen eines Graffiti-Kunstprojektes durch Kinder und Jugendliche gestalten zu lassen. Ziel ist es, das Erscheinungsbild aufzuwerten und gleichzeitig die Attraktivit\u00e4t f\u00fcr erneute Sachbesch\u00e4digungen zu verringern.<\/p>\n\n\n\n<p class=\"wp-block-paragraph\"><strong>Hinweise helfen, M\u00e4ngel schneller zu beseitigen<\/strong><\/p>\n\n\n\n<p class=\"wp-block-paragraph\">Ob besch\u00e4digte Scheiben, verschmutzte Fahrgastunterst\u00e4nde oder andere M\u00e4ngel im \u00f6ffentlichen Raum \u2013 die Stadt Gera ist auf die Unterst\u00fctzung aus der Bev\u00f6lkerung angewiesen. \u00dcber den M\u00e4ngelmelder der Stadt Gera k\u00f6nnen Hinweise schnell und unkompliziert online gemeldet werden. Die Hinweise werden direkt an die zust\u00e4ndigen Bereiche der Stadtverwaltung weitergeleitet und bearbeitet. So k\u00f6nnen Sch\u00e4den h\u00e4ufig schneller erfasst und notwendige Ma\u00dfnahmen zeitnah eingeleitet werden. Jeder Hinweis tr\u00e4gt dazu bei, das Stadtbild zu verbessern und Gera sauber und lebenswert zu erhalten.<\/p>\n\n\n\n<p class=\"wp-block-paragraph\">QUELLE: STADTVERWALTUNG<\/p>\n","protected":false},"excerpt":{"rendered":"<div class=\"mh-excerpt\"><p>Saubere und intakte Fahrgastunterst\u00e4nde tragen zu einem attraktiven Stadtbild und einem angenehmen \u00f6ffentlichen Nahverkehr bei. Deshalb hat die Stadt Gera die Betreuung ihrer Fahrgastunterst\u00e4nde neu organisiert: Seit dem 1. April 2026 \u00fcbernimmt ein durch das <a class=\"mh-excerpt-more\" href=\"https:\/\/www.studiogera.de\/001\/2026\/08\/31\/stadt-investiert-in-saubere-fahrgast-unterstaende\/\" title=\"STADT INVESTIERT IN SAUBERE FAHRGAST-UNTERST\u00c4NDE\">[&#8230;]<\/a><\/p>\n<\/div>","protected":false},"author":2,"featured_media":44255,"comment_status":"open","ping_status":"open","sticky":false,"template":"","format":"standard","meta":{"footnotes":""},"categories":[3],"tags":[],"class_list":["post-44254","post","type-post","status-publish","format-standard","has-post-thumbnail","category-lokal"],"_links":{"self":[{"href":"https:\/\/www.studiogera.de\/001\/wp-json\/wp\/v2\/posts\/44254","targetHints":{"allow":["GET"]}}],"collection":[{"href":"https:\/\/www.studiogera.de\/001\/wp-json\/wp\/v2\/posts"}],"about":[{"href":"https:\/\/www.studiogera.de\/001\/wp-json\/wp\/v2\/types\/post"}],"author":[{"embeddable":true,"href":"https:\/\/www.studiogera.de\/001\/wp-json\/wp\/v2\/users\/2"}],"replies":[{"embeddable":true,"href":"https:\/\/www.studiogera.de\/001\/wp-json\/wp\/v2\/comments?post=44254"}],"version-history":[{"count":1,"href":"https:\/\/www.studiogera.de\/001\/wp-json\/wp\/v2\/posts\/44254\/revisions"}],"predecessor-version":[{"id":44256,"href":"https:\/\/www.studiogera.de\/001\/wp-json\/wp\/v2\/posts\/44254\/revisions\/44256"}],"wp:featuredmedia":[{"embeddable":true,"href":"https:\/\/www.studiogera.de\/001\/wp-json\/wp\/v2\/media\/44255"}],"wp:attachment":[{"href":"https:\/\/www.studiogera.de\/001\/wp-json\/wp\/v2\/media?parent=44254"}],"wp:term":[{"taxonomy":"category","embeddable":true,"href":"https:\/\/www.studiogera.de\/001\/wp-json\/wp\/v2\/categories?post=44254"},{"taxonomy":"post_tag","embeddable":true,"href":"https:\/\/www.studiogera.de\/001\/wp-json\/wp\/v2\/tags?post=44254"}],"curies":[{"name":"wp","href":"https:\/\/api.w.org\/{rel}","templated":true}]}}