{"id":44257,"date":"2026-08-31T22:11:50","date_gmt":"2026-08-31T20:11:50","guid":{"rendered":"https:\/\/www.studiogera.de\/001\/?p=44257"},"modified":"2026-08-31T22:11:51","modified_gmt":"2026-08-31T20:11:51","slug":"information-der-partei-buendnis-90-die-gruenen-44","status":"publish","type":"post","link":"https:\/\/www.studiogera.de\/001\/2026\/08\/31\/information-der-partei-buendnis-90-die-gruenen-44\/","title":{"rendered":"INFORMATION DER PARTEI \u201eB\u00dcNDNIS 90\/DIE GR\u00dcNEN\u201c"},"content":{"rendered":"\n<p class=\"wp-block-paragraph\"><em>Lesen Sie nachfolgend eine Mitteilung des Kreisverbands Gera der Partei B\u00fcndnis 90\/Die Gr\u00fcnen.<\/em><\/p>\n\n\n\n<p class=\"wp-block-paragraph\">Der Kreisverband von B\u00fcndnis 90\/Die Gr\u00fcnen in Gera l\u00e4dt ein, am 11. September 2026 um 12.30 Uhr an einer F\u00fchrung durch das Stasi-Unterlagen-Archiv in Gera, Haus 3, Hermann-Drechsler-Stra\u00dfe 1, teilzunehmen.<br>Anl\u00e4sslich des Tages der Demokratie wird es die M\u00f6glichkeit geben, mehr \u00fcber die B\u00fcrgerrechtsbewegungen vor Ort in Gera zu erfahren. Die Lehre aus dieser Zeit ist, dass demokratische Freiheiten keine Selbstverst\u00e4ndlichkeit sind und welchen Mut es erfordert, daf\u00fcr einzutreten. Diese Lehren sind auch heute noch aktuell. Daran ankn\u00fcpfend freuen wir uns, wenn Sie Fragen und Anregungen mitbringen!<\/p>\n\n\n\n<p class=\"wp-block-paragraph\">Es ist eine Anmeldung erforderlich. Schreiben Sie einfach eine kurze Nachricht an \u201eckaessner@gruene-gera.de\u201c.<\/p>\n\n\n\n<p class=\"wp-block-paragraph\">QUELLE: B\u00dcNDNIS 90\/DIE GR\u00dcNEN<\/p>\n","protected":false},"excerpt":{"rendered":"<div class=\"mh-excerpt\"><p>Lesen Sie nachfolgend eine Mitteilung des Kreisverbands Gera der Partei B\u00fcndnis 90\/Die Gr\u00fcnen. Der Kreisverband von B\u00fcndnis 90\/Die Gr\u00fcnen in Gera l\u00e4dt ein, am 11. September 2026 um 12.30 Uhr an einer F\u00fchrung durch das <a class=\"mh-excerpt-more\" href=\"https:\/\/www.studiogera.de\/001\/2026\/08\/31\/information-der-partei-buendnis-90-die-gruenen-44\/\" title=\"INFORMATION DER PARTEI \u201eB\u00dcNDNIS 90\/DIE GR\u00dcNEN\u201c\">[&#8230;]<\/a><\/p>\n<\/div>","protected":false},"author":2,"featured_media":44258,"comment_status":"open","ping_status":"open","sticky":false,"template":"","format":"standard","meta":{"footnotes":""},"categories":[16],"tags":[],"class_list":["post-44257","post","type-post","status-publish","format-standard","has-post-thumbnail","category-kurzmitteilungen"],"_links":{"self":[{"href":"https:\/\/www.studiogera.de\/001\/wp-json\/wp\/v2\/posts\/44257","targetHints":{"allow":["GET"]}}],"collection":[{"href":"https:\/\/www.studiogera.de\/001\/wp-json\/wp\/v2\/posts"}],"about":[{"href":"https:\/\/www.studiogera.de\/001\/wp-json\/wp\/v2\/types\/post"}],"author":[{"embeddable":true,"href":"https:\/\/www.studiogera.de\/001\/wp-json\/wp\/v2\/users\/2"}],"replies":[{"embeddable":true,"href":"https:\/\/www.studiogera.de\/001\/wp-json\/wp\/v2\/comments?post=44257"}],"version-history":[{"count":1,"href":"https:\/\/www.studiogera.de\/001\/wp-json\/wp\/v2\/posts\/44257\/revisions"}],"predecessor-version":[{"id":44259,"href":"https:\/\/www.studiogera.de\/001\/wp-json\/wp\/v2\/posts\/44257\/revisions\/44259"}],"wp:featuredmedia":[{"embeddable":true,"href":"https:\/\/www.studiogera.de\/001\/wp-json\/wp\/v2\/media\/44258"}],"wp:attachment":[{"href":"https:\/\/www.studiogera.de\/001\/wp-json\/wp\/v2\/media?parent=44257"}],"wp:term":[{"taxonomy":"category","embeddable":true,"href":"https:\/\/www.studiogera.de\/001\/wp-json\/wp\/v2\/categories?post=44257"},{"taxonomy":"post_tag","embeddable":true,"href":"https:\/\/www.studiogera.de\/001\/wp-json\/wp\/v2\/tags?post=44257"}],"curies":[{"name":"wp","href":"https:\/\/api.w.org\/{rel}","templated":true}]}}