{"id":44260,"date":"2026-08-31T22:16:51","date_gmt":"2026-08-31T20:16:51","guid":{"rendered":"https:\/\/www.studiogera.de\/001\/?p=44260"},"modified":"2026-08-31T22:16:53","modified_gmt":"2026-08-31T20:16:53","slug":"mehrere-personen-greifen-mann-im-hofwiesenpark-an","status":"publish","type":"post","link":"https:\/\/www.studiogera.de\/001\/2026\/08\/31\/mehrere-personen-greifen-mann-im-hofwiesenpark-an\/","title":{"rendered":"MEHRERE PERSONEN GREIFEN MANN IM HOFWIESENPARK AN"},"content":{"rendered":"\n<p class=\"wp-block-paragraph\">Am Samstag kam es im Hofwiesenpark zu einer gemeinschaftlichen K\u00f6rperverletzung. Gegen 20 Uhr befand sich ein 31-j\u00e4hriger afghanischer Staatsangeh\u00f6riger im Bereich des Volleyballplatzes, als eine Gruppe von sieben M\u00e4nnern auf ihn zukam.<\/p>\n\n\n\n<p class=\"wp-block-paragraph\">Nach bisherigen Erkenntnissen schlugen die M\u00e4nner unvermittelt gemeinschaftlich mit F\u00e4usten und H\u00e4nden auf den 31-J\u00e4hrigen ein und trafen ihn dabei im Gesicht. Der Gesch\u00e4digte erlitt eine Verletzung an der Lippe.<\/p>\n\n\n\n<p class=\"wp-block-paragraph\">Die Tatverd\u00e4chtigen fl\u00fcchteten anschlie\u00dfend unerkannt. Ein 21-j\u00e4hriger syrischer Staatsangeh\u00f6riger, der zu der Gruppe geh\u00f6rt haben soll, war dem Gesch\u00e4digten bereits bekannt.<\/p>\n\n\n\n<p class=\"wp-block-paragraph\">Die Polizei hat die Ermittlungen wegen gef\u00e4hrlicher K\u00f6rperverletzung aufgenommen. Zeugen, die den Vorfall beobachtet haben oder Angaben zu den bislang unbekannten Tatverd\u00e4chtigen machen k\u00f6nnen, werden gebeten, sich mit dem Aktenzeichen 0220298\/2026 bei der Polizei zu melden.<\/p>\n","protected":false},"excerpt":{"rendered":"<div class=\"mh-excerpt\"><p>Am Samstag kam es im Hofwiesenpark zu einer gemeinschaftlichen K\u00f6rperverletzung. Gegen 20 Uhr befand sich ein 31-j\u00e4hriger afghanischer Staatsangeh\u00f6riger im Bereich des Volleyballplatzes, als eine Gruppe von sieben M\u00e4nnern auf ihn zukam. Nach bisherigen Erkenntnissen <a class=\"mh-excerpt-more\" href=\"https:\/\/www.studiogera.de\/001\/2026\/08\/31\/mehrere-personen-greifen-mann-im-hofwiesenpark-an\/\" title=\"MEHRERE PERSONEN GREIFEN MANN IM HOFWIESENPARK AN\">[&#8230;]<\/a><\/p>\n<\/div>","protected":false},"author":2,"featured_media":9352,"comment_status":"open","ping_status":"open","sticky":false,"template":"","format":"standard","meta":{"footnotes":""},"categories":[13],"tags":[],"class_list":["post-44260","post","type-post","status-publish","format-standard","has-post-thumbnail","category-polizeiberichte"],"_links":{"self":[{"href":"https:\/\/www.studiogera.de\/001\/wp-json\/wp\/v2\/posts\/44260","targetHints":{"allow":["GET"]}}],"collection":[{"href":"https:\/\/www.studiogera.de\/001\/wp-json\/wp\/v2\/posts"}],"about":[{"href":"https:\/\/www.studiogera.de\/001\/wp-json\/wp\/v2\/types\/post"}],"author":[{"embeddable":true,"href":"https:\/\/www.studiogera.de\/001\/wp-json\/wp\/v2\/users\/2"}],"replies":[{"embeddable":true,"href":"https:\/\/www.studiogera.de\/001\/wp-json\/wp\/v2\/comments?post=44260"}],"version-history":[{"count":1,"href":"https:\/\/www.studiogera.de\/001\/wp-json\/wp\/v2\/posts\/44260\/revisions"}],"predecessor-version":[{"id":44261,"href":"https:\/\/www.studiogera.de\/001\/wp-json\/wp\/v2\/posts\/44260\/revisions\/44261"}],"wp:featuredmedia":[{"embeddable":true,"href":"https:\/\/www.studiogera.de\/001\/wp-json\/wp\/v2\/media\/9352"}],"wp:attachment":[{"href":"https:\/\/www.studiogera.de\/001\/wp-json\/wp\/v2\/media?parent=44260"}],"wp:term":[{"taxonomy":"category","embeddable":true,"href":"https:\/\/www.studiogera.de\/001\/wp-json\/wp\/v2\/categories?post=44260"},{"taxonomy":"post_tag","embeddable":true,"href":"https:\/\/www.studiogera.de\/001\/wp-json\/wp\/v2\/tags?post=44260"}],"curies":[{"name":"wp","href":"https:\/\/api.w.org\/{rel}","templated":true}]}}