{"id":44271,"date":"2026-08-31T23:07:50","date_gmt":"2026-08-31T21:07:50","guid":{"rendered":"https:\/\/www.studiogera.de\/001\/?p=44271"},"modified":"2026-08-31T23:07:51","modified_gmt":"2026-08-31T21:07:51","slug":"lesung-und-gespraech-mit-autorin-marie-posa","status":"publish","type":"post","link":"https:\/\/www.studiogera.de\/001\/2026\/08\/31\/lesung-und-gespraech-mit-autorin-marie-posa\/","title":{"rendered":"LESUNG UND GESPR\u00c4CH MIT AUTORIN MARIE POSA"},"content":{"rendered":"\n<p class=\"wp-block-paragraph\">Die in Gera geborene Autorin Marie Posa kommt am Dienstag, den 1. September 2026, 17 Uhr, f\u00fcr eine Lesung in ihre Geburtsstadt zur\u00fcck. In der Reihe \u201eTreffpunkt Bibliothek\u201c liest sie Texte aus ihrem ersten Buch \u201eZart ist nicht schwach\u201c in der Geraer Bibliothek am Puschkinplatz.<\/p>\n\n\n\n<p class=\"wp-block-paragraph\">Marie Posa schreibt, als w\u00fcrde sie mit geschlossenen Augen sehen. Sie h\u00f6rt dem Unausgesprochenen zu und findet Sprache f\u00fcr das, was im Verborgenen liegt. Sie verteilt kein Trostpflaster, sondern S\u00e4tze, die Verletzlichkeit spiegeln. Kein lautes Manifest, sondern das stille Wissen: Wer zart ist, ist niemals schwach. Mit ihrem Buch legt Marie Posa Erz\u00e4hlungen vor, die sich besonders mit weiblichen Innenwelten besch\u00e4ftigen. Es geht um Selbstverlust und Selbstbehauptung, um Sprachlosigkeit, Anpassung und den vorsichtigen Beginn von Ver\u00e4nderung. Die Geschichten wollen ber\u00fchren und zum Nachdenken anregen. Die Autorin geboren in Gera, lebt nun in Oberfranken und schreibt seit vielen Jahren. In ihren Geschichten verbindet sie psychologische N\u00e4he mit einer klaren poetischen Sprache. Ihre Texte wirken durch ihre Ehrlichkeit und menschliche Tiefe.<\/p>\n\n\n\n<p class=\"wp-block-paragraph\">Zwischen den ausgew\u00e4hlten Passagen wird es Gelegenheiten zum Gespr\u00e4ch geben. Im Anschluss k\u00f6nnen signierte Exemplare k\u00e4uflich erworben werden. Der Eintritt ist frei.<\/p>\n\n\n\n<p class=\"wp-block-paragraph\">QUELLE: STADTVERWALTUNG<\/p>\n","protected":false},"excerpt":{"rendered":"<div class=\"mh-excerpt\"><p>Die in Gera geborene Autorin Marie Posa kommt am Dienstag, den 1. September 2026, 17 Uhr, f\u00fcr eine Lesung in ihre Geburtsstadt zur\u00fcck. In der Reihe \u201eTreffpunkt Bibliothek\u201c liest sie Texte aus ihrem ersten Buch <a class=\"mh-excerpt-more\" href=\"https:\/\/www.studiogera.de\/001\/2026\/08\/31\/lesung-und-gespraech-mit-autorin-marie-posa\/\" title=\"LESUNG UND GESPR\u00c4CH MIT AUTORIN MARIE POSA\">[&#8230;]<\/a><\/p>\n<\/div>","protected":false},"author":2,"featured_media":44272,"comment_status":"open","ping_status":"open","sticky":false,"template":"","format":"standard","meta":{"footnotes":""},"categories":[8],"tags":[],"class_list":["post-44271","post","type-post","status-publish","format-standard","has-post-thumbnail","category-kultur"],"_links":{"self":[{"href":"https:\/\/www.studiogera.de\/001\/wp-json\/wp\/v2\/posts\/44271","targetHints":{"allow":["GET"]}}],"collection":[{"href":"https:\/\/www.studiogera.de\/001\/wp-json\/wp\/v2\/posts"}],"about":[{"href":"https:\/\/www.studiogera.de\/001\/wp-json\/wp\/v2\/types\/post"}],"author":[{"embeddable":true,"href":"https:\/\/www.studiogera.de\/001\/wp-json\/wp\/v2\/users\/2"}],"replies":[{"embeddable":true,"href":"https:\/\/www.studiogera.de\/001\/wp-json\/wp\/v2\/comments?post=44271"}],"version-history":[{"count":1,"href":"https:\/\/www.studiogera.de\/001\/wp-json\/wp\/v2\/posts\/44271\/revisions"}],"predecessor-version":[{"id":44273,"href":"https:\/\/www.studiogera.de\/001\/wp-json\/wp\/v2\/posts\/44271\/revisions\/44273"}],"wp:featuredmedia":[{"embeddable":true,"href":"https:\/\/www.studiogera.de\/001\/wp-json\/wp\/v2\/media\/44272"}],"wp:attachment":[{"href":"https:\/\/www.studiogera.de\/001\/wp-json\/wp\/v2\/media?parent=44271"}],"wp:term":[{"taxonomy":"category","embeddable":true,"href":"https:\/\/www.studiogera.de\/001\/wp-json\/wp\/v2\/categories?post=44271"},{"taxonomy":"post_tag","embeddable":true,"href":"https:\/\/www.studiogera.de\/001\/wp-json\/wp\/v2\/tags?post=44271"}],"curies":[{"name":"wp","href":"https:\/\/api.w.org\/{rel}","templated":true}]}}