{"id":44274,"date":"2026-09-02T10:28:18","date_gmt":"2026-09-02T08:28:18","guid":{"rendered":"https:\/\/www.studiogera.de\/001\/?p=44274"},"modified":"2026-09-02T10:28:20","modified_gmt":"2026-09-02T08:28:20","slug":"strassensperrungen-und-verkehrseinschraenkungen-25","status":"publish","type":"post","link":"https:\/\/www.studiogera.de\/001\/2026\/09\/02\/strassensperrungen-und-verkehrseinschraenkungen-25\/","title":{"rendered":"STRASSENSPERRUNGEN UND VERKEHRSEINSCHR\u00c4NKUNGEN"},"content":{"rendered":"\n<p class=\"wp-block-paragraph\">Im Verantwortungsbereich der Stadt Gera liegen etwa 700 Stra\u00dfenkilometer. Die Gehwege summieren sich auf 350 Kilometer. Stra\u00dfensperrungen werden vor allem notwendig bei Fahrbahnsanierungen, Arbeiten an den Versorgungsleitungen und Baumschnitt. Folgende Stra\u00dfensperrungen und Verkehrseinschr\u00e4nkungen sind geplant bzw. wurden k\u00fcrzlich umgesetzt.<\/p>\n\n\n\n<ul class=\"wp-block-list\">\n<li>Oststra\u00dfe im Bereich S\u00fcdstra\u00dfe\/Wiesestra\u00dfe: Vollsperrung vom 29. August bis 31. Oktober 2026 aufgrund von Arbeiten an der Gasleitung und Trinkwasserleitung<\/li>\n\n\n\n<li>Nestmannstra\u00dfe: halbseitige Sperrung vom 31. August bis 1. September 2026 aufgrund des Wechsels eines Beleuchtungsmastes<\/li>\n\n\n\n<li>Feuerbachstra\u00dfe: Baustelle vom 31. August bis 30. Spetember 2026 aufgrund Arbeiten an Gasversorgungsleitung<\/li>\n\n\n\n<li>Prehlis: Sperrung vom 31. August bis 30. September 2026 aufgrund von Arbeiten an der Gasversorgungsleitung<\/li>\n\n\n\n<li>Am S\u00fcdhang: Sperrung am 31. August 2026 aufgrund von Arbeiten am Beleuchtungsmast<\/li>\n\n\n\n<li>Fasaneriestra\u00dfe: halbseitige Sperrung vom 1. September bis 1. Oktober 2026 aufgrund Tiefbauarbeiten<\/li>\n\n\n\n<li>Cubaer Stra\u00dfe: Baustelle vom 1. September bis 1. Oktober 2026 aufgrund Tiefbauarbeiten<\/li>\n\n\n\n<li>Schellingstra\u00dfe: halbseitige Sperrung vom 1. September bis 1. Oktober 2026 aufgrund Tiefbauarbeiten<\/li>\n\n\n\n<li>Neue Stra\u00dfe: Baustelle vom 1. September bis 30. Oktober 2026 aufgrund Ger\u00fcststellung<\/li>\n\n\n\n<li>Huboldtstra\u00dfe: Absperrungen 4. September 2026 aufgrund Baumpflegearbeiten<\/li>\n<\/ul>\n\n\n\n<p class=\"wp-block-paragraph\">Alle Sperrungen und Verkehrseinschr\u00e4nkungen sind auf der offiziellen st\u00e4dtischen Webseite aufgef\u00fchrt.<\/p>\n\n\n\n<p class=\"wp-block-paragraph\"><a href=\"https:\/\/www.gera.de\/leben-in-gera\/mobilitaet-verkehr-rad\/verkehrsmeldungen-und-baustellen\">https:\/\/www.gera.de\/leben-in-gera\/mobilitaet-verkehr-rad\/verkehrsmeldungen-und-baustellen<\/a><\/p>\n\n\n\n<p class=\"wp-block-paragraph\">QUELLE: STADTVERWALTUNG<\/p>\n","protected":false},"excerpt":{"rendered":"<div class=\"mh-excerpt\"><p>Im Verantwortungsbereich der Stadt Gera liegen etwa 700 Stra\u00dfenkilometer. Die Gehwege summieren sich auf 350 Kilometer. Stra\u00dfensperrungen werden vor allem notwendig bei Fahrbahnsanierungen, Arbeiten an den Versorgungsleitungen und Baumschnitt. Folgende Stra\u00dfensperrungen und Verkehrseinschr\u00e4nkungen sind geplant <a class=\"mh-excerpt-more\" href=\"https:\/\/www.studiogera.de\/001\/2026\/09\/02\/strassensperrungen-und-verkehrseinschraenkungen-25\/\" title=\"STRASSENSPERRUNGEN UND VERKEHRSEINSCHR\u00c4NKUNGEN\">[&#8230;]<\/a><\/p>\n<\/div>","protected":false},"author":2,"featured_media":31498,"comment_status":"open","ping_status":"open","sticky":false,"template":"","format":"standard","meta":{"footnotes":""},"categories":[16],"tags":[],"class_list":["post-44274","post","type-post","status-publish","format-standard","has-post-thumbnail","category-kurzmitteilungen"],"_links":{"self":[{"href":"https:\/\/www.studiogera.de\/001\/wp-json\/wp\/v2\/posts\/44274","targetHints":{"allow":["GET"]}}],"collection":[{"href":"https:\/\/www.studiogera.de\/001\/wp-json\/wp\/v2\/posts"}],"about":[{"href":"https:\/\/www.studiogera.de\/001\/wp-json\/wp\/v2\/types\/post"}],"author":[{"embeddable":true,"href":"https:\/\/www.studiogera.de\/001\/wp-json\/wp\/v2\/users\/2"}],"replies":[{"embeddable":true,"href":"https:\/\/www.studiogera.de\/001\/wp-json\/wp\/v2\/comments?post=44274"}],"version-history":[{"count":1,"href":"https:\/\/www.studiogera.de\/001\/wp-json\/wp\/v2\/posts\/44274\/revisions"}],"predecessor-version":[{"id":44275,"href":"https:\/\/www.studiogera.de\/001\/wp-json\/wp\/v2\/posts\/44274\/revisions\/44275"}],"wp:featuredmedia":[{"embeddable":true,"href":"https:\/\/www.studiogera.de\/001\/wp-json\/wp\/v2\/media\/31498"}],"wp:attachment":[{"href":"https:\/\/www.studiogera.de\/001\/wp-json\/wp\/v2\/media?parent=44274"}],"wp:term":[{"taxonomy":"category","embeddable":true,"href":"https:\/\/www.studiogera.de\/001\/wp-json\/wp\/v2\/categories?post=44274"},{"taxonomy":"post_tag","embeddable":true,"href":"https:\/\/www.studiogera.de\/001\/wp-json\/wp\/v2\/tags?post=44274"}],"curies":[{"name":"wp","href":"https:\/\/api.w.org\/{rel}","templated":true}]}}