{"id":44280,"date":"2026-09-02T10:39:47","date_gmt":"2026-09-02T08:39:47","guid":{"rendered":"https:\/\/www.studiogera.de\/001\/?p=44280"},"modified":"2026-09-02T10:39:49","modified_gmt":"2026-09-02T08:39:49","slug":"schwerer-vu-in-der-nuernberger-strasse-2","status":"publish","type":"post","link":"https:\/\/www.studiogera.de\/001\/2026\/09\/02\/schwerer-vu-in-der-nuernberger-strasse-2\/","title":{"rendered":"SCHWERER VU IN DER N\u00dcRNBERGER STRASSE"},"content":{"rendered":"\n<p class=\"wp-block-paragraph\">Nach einem schweren Verkehrsunfall am Montagmorgen, den 31. August 2026, in der N\u00fcrnberger Stra\u00dfe sucht die Polizei nach weiteren Zeugen. Nach bisherigen Erkenntnissen befuhr ein 29-j\u00e4hriger deutscher LKW-Fahrer gegen 6.15 Uhr die N\u00fcrnberger Stra\u00dfe in stadteinw\u00e4rtiger Richtung. Zur gleichen Zeit betrat eine 67-j\u00e4hrige deutsche Fu\u00dfg\u00e4ngerin, aus Richtung der Stra\u00dfenbahnhaltestelle \u201eBr\u00fcte\u201c kommend, den dortigen Fu\u00dfg\u00e4nger\u00fcberweg. In der Folge kam es zur Kollision zwischen dem LKW und der Fu\u00dfg\u00e4ngerin. Die 67-J\u00e4hrige wurde hierbei schwer verletzt und zur weiteren medizinischen Versorgung in ein Krankenhaus gebracht. Auch der 29-j\u00e4hrige LKW-Fahrer wurde medizinisch versorgt. Im Rahmen der laufenden Ermittlungen zum genauen Unfallhergang sucht die Polizei nun nach weiteren Personen, die den Verkehrsunfall beobachtet haben oder Angaben zur Verkehrssituation unmittelbar vor dem Unfall machen k\u00f6nnen. Zeugen, die bislang noch keinen Kontakt zur Polizei hatten, werden gebeten, sich bei der Polizei unter der Rufnummer +493658290 zu melden.<\/p>\n","protected":false},"excerpt":{"rendered":"<div class=\"mh-excerpt\"><p>Nach einem schweren Verkehrsunfall am Montagmorgen, den 31. August 2026, in der N\u00fcrnberger Stra\u00dfe sucht die Polizei nach weiteren Zeugen. Nach bisherigen Erkenntnissen befuhr ein 29-j\u00e4hriger deutscher LKW-Fahrer gegen 6.15 Uhr die N\u00fcrnberger Stra\u00dfe in <a class=\"mh-excerpt-more\" href=\"https:\/\/www.studiogera.de\/001\/2026\/09\/02\/schwerer-vu-in-der-nuernberger-strasse-2\/\" title=\"SCHWERER VU IN DER N\u00dcRNBERGER STRASSE\">[&#8230;]<\/a><\/p>\n<\/div>","protected":false},"author":2,"featured_media":33258,"comment_status":"open","ping_status":"open","sticky":false,"template":"","format":"standard","meta":{"footnotes":""},"categories":[13],"tags":[],"class_list":["post-44280","post","type-post","status-publish","format-standard","has-post-thumbnail","category-polizeiberichte"],"_links":{"self":[{"href":"https:\/\/www.studiogera.de\/001\/wp-json\/wp\/v2\/posts\/44280","targetHints":{"allow":["GET"]}}],"collection":[{"href":"https:\/\/www.studiogera.de\/001\/wp-json\/wp\/v2\/posts"}],"about":[{"href":"https:\/\/www.studiogera.de\/001\/wp-json\/wp\/v2\/types\/post"}],"author":[{"embeddable":true,"href":"https:\/\/www.studiogera.de\/001\/wp-json\/wp\/v2\/users\/2"}],"replies":[{"embeddable":true,"href":"https:\/\/www.studiogera.de\/001\/wp-json\/wp\/v2\/comments?post=44280"}],"version-history":[{"count":1,"href":"https:\/\/www.studiogera.de\/001\/wp-json\/wp\/v2\/posts\/44280\/revisions"}],"predecessor-version":[{"id":44281,"href":"https:\/\/www.studiogera.de\/001\/wp-json\/wp\/v2\/posts\/44280\/revisions\/44281"}],"wp:featuredmedia":[{"embeddable":true,"href":"https:\/\/www.studiogera.de\/001\/wp-json\/wp\/v2\/media\/33258"}],"wp:attachment":[{"href":"https:\/\/www.studiogera.de\/001\/wp-json\/wp\/v2\/media?parent=44280"}],"wp:term":[{"taxonomy":"category","embeddable":true,"href":"https:\/\/www.studiogera.de\/001\/wp-json\/wp\/v2\/categories?post=44280"},{"taxonomy":"post_tag","embeddable":true,"href":"https:\/\/www.studiogera.de\/001\/wp-json\/wp\/v2\/tags?post=44280"}],"curies":[{"name":"wp","href":"https:\/\/api.w.org\/{rel}","templated":true}]}}