{"id":44284,"date":"2026-09-02T11:01:33","date_gmt":"2026-09-02T09:01:33","guid":{"rendered":"https:\/\/www.studiogera.de\/001\/?p=44284"},"modified":"2026-09-02T11:01:34","modified_gmt":"2026-09-02T09:01:34","slug":"auseinandersetzungen-in-lusan","status":"publish","type":"post","link":"https:\/\/www.studiogera.de\/001\/2026\/09\/02\/auseinandersetzungen-in-lusan\/","title":{"rendered":"AUSEINANDERSETZUNGEN IN LUSAN"},"content":{"rendered":"\n<p class=\"wp-block-paragraph\">Am Dienstagnachmittag kam es in einem Verbrauchermarkt in der Zeulsdorfer Stra\u00dfe zu einer k\u00f6rperlichen Auseinandersetzung zwischen zwei M\u00e4nnern. Nach bisherigen Erkenntnissen wollte ein 41-j\u00e4hriger Deutscher um 16.35 Uhr seinen Einkauf an der Kasse bezahlen. Aufgrund seines verbal aggressiven Auftretens verweigerte ein 25-j\u00e4hriger deutscher Angestellter die Abwicklung des Bezahlvorgangs. Daraufhin entwickelte sich zun\u00e4chst eine verbale Auseinandersetzung, die anschlie\u00dfend k\u00f6rperlich eskalierte. Der 41-J\u00e4hrige schlug dem Angestellten mit der Faust ins Gesicht. Dieser erwiderte die Schl\u00e4ge. Beide M\u00e4nner erlitten leichte Verletzungen im Gesicht. Weitere Mitarbeiter des Marktes trennten die Beteiligten. Die Polizei nahm entsprechende Anzeigen wegen wechselseitiger K\u00f6rperverletzung auf. Zur Aufkl\u00e4rung des Geschehens wurden unter anderem vorhandene Videoaufzeichnungen gesichert. Die Ermittlungen im Fall 0222977\/2026 dauern an.<\/p>\n\n\n\n<p class=\"wp-block-paragraph\">Am Dienstagnachmittag kam es an einer Bushaltestelle in der N\u00fcrnberger Stra\u00dfe zu einer k\u00f6rperlichen Auseinandersetzung, bei der ein Jugendlicher leicht verletzt wurde. Nach bisherigen Erkenntnissen gerieten ein 15-j\u00e4hriger rum\u00e4nischer Jugendlicher und ein bislang unbekannter Jugendlicher um 17.55 Uhr in einen zun\u00e4chst verbalen Streit. Im weiteren Verlauf schlug der Unbekannte dem 15-J\u00e4hrigen mehrfach mit der Faust und der flachen Hand ins Gesicht. Der Gesch\u00e4digte erlitt leichte Verletzungen in Form von Kratzern und R\u00f6tungen im Gesicht und am Hals. Der Tatverd\u00e4chtige entfernte sich anschlie\u00dfend gemeinsam mit einer Gruppe Jugendlicher in unbekannte Richtung. Der Tatverd\u00e4chtige wird als m\u00e4nnlich und etwa 15 bis 16 Jahre alt beschrieben. Er soll etwa 180 Zentimeter gro\u00df sein, dunkle lockige Haare und eine dunkle Jacke getragen haben. Die Polizei hat ein Ermittlungsverfahren wegen K\u00f6rperverletzung eingeleitet und Fahndungs- sowie Ermittlungsma\u00dfnahmen durchgef\u00fchrt. Zeugen, die Angaben zum Tatgeschehen oder zur Identit\u00e4t des Tatverd\u00e4chtigen machen k\u00f6nnen, werden gebeten, sich mit dem Aktenzeichen 0223015\/2026 bei der Polizei zu melden.<\/p>\n","protected":false},"excerpt":{"rendered":"<div class=\"mh-excerpt\"><p>Am Dienstagnachmittag kam es in einem Verbrauchermarkt in der Zeulsdorfer Stra\u00dfe zu einer k\u00f6rperlichen Auseinandersetzung zwischen zwei M\u00e4nnern. Nach bisherigen Erkenntnissen wollte ein 41-j\u00e4hriger Deutscher um 16.35 Uhr seinen Einkauf an der Kasse bezahlen. Aufgrund <a class=\"mh-excerpt-more\" href=\"https:\/\/www.studiogera.de\/001\/2026\/09\/02\/auseinandersetzungen-in-lusan\/\" title=\"AUSEINANDERSETZUNGEN IN LUSAN\">[&#8230;]<\/a><\/p>\n<\/div>","protected":false},"author":2,"featured_media":9356,"comment_status":"open","ping_status":"open","sticky":false,"template":"","format":"standard","meta":{"footnotes":""},"categories":[13],"tags":[],"class_list":["post-44284","post","type-post","status-publish","format-standard","has-post-thumbnail","category-polizeiberichte"],"_links":{"self":[{"href":"https:\/\/www.studiogera.de\/001\/wp-json\/wp\/v2\/posts\/44284","targetHints":{"allow":["GET"]}}],"collection":[{"href":"https:\/\/www.studiogera.de\/001\/wp-json\/wp\/v2\/posts"}],"about":[{"href":"https:\/\/www.studiogera.de\/001\/wp-json\/wp\/v2\/types\/post"}],"author":[{"embeddable":true,"href":"https:\/\/www.studiogera.de\/001\/wp-json\/wp\/v2\/users\/2"}],"replies":[{"embeddable":true,"href":"https:\/\/www.studiogera.de\/001\/wp-json\/wp\/v2\/comments?post=44284"}],"version-history":[{"count":1,"href":"https:\/\/www.studiogera.de\/001\/wp-json\/wp\/v2\/posts\/44284\/revisions"}],"predecessor-version":[{"id":44285,"href":"https:\/\/www.studiogera.de\/001\/wp-json\/wp\/v2\/posts\/44284\/revisions\/44285"}],"wp:featuredmedia":[{"embeddable":true,"href":"https:\/\/www.studiogera.de\/001\/wp-json\/wp\/v2\/media\/9356"}],"wp:attachment":[{"href":"https:\/\/www.studiogera.de\/001\/wp-json\/wp\/v2\/media?parent=44284"}],"wp:term":[{"taxonomy":"category","embeddable":true,"href":"https:\/\/www.studiogera.de\/001\/wp-json\/wp\/v2\/categories?post=44284"},{"taxonomy":"post_tag","embeddable":true,"href":"https:\/\/www.studiogera.de\/001\/wp-json\/wp\/v2\/tags?post=44284"}],"curies":[{"name":"wp","href":"https:\/\/api.w.org\/{rel}","templated":true}]}}