{"id":44286,"date":"2026-09-02T16:22:53","date_gmt":"2026-09-02T14:22:53","guid":{"rendered":"https:\/\/www.studiogera.de\/001\/?p=44286"},"modified":"2026-09-02T16:22:54","modified_gmt":"2026-09-02T14:22:54","slug":"neuer-kapellmeister-am-theater-altenburg-gera","status":"publish","type":"post","link":"https:\/\/www.studiogera.de\/001\/2026\/09\/02\/neuer-kapellmeister-am-theater-altenburg-gera\/","title":{"rendered":"NEUER KAPELLMEISTER AM THEATER ALTENBURG GERA"},"content":{"rendered":"\n<p class=\"wp-block-paragraph\">Das Theater Altenburg Gera startet mit einem neuen Kapellmeister in die Spielzeit 2026\/2027. Der slowakisch-amerikanische Dirigent und Pianist Christopher Va\u017ean tritt die Nachfolge von Thomas Wicklein an, der sich nach fast vier Jahrzehnten am Haus in den Ruhestand verabschiedet.<\/p>\n\n\n\n<p class=\"wp-block-paragraph\">Christopher Va\u017ean, geboren 1997 in New York City, studierte an der Universit\u00e4t f\u00fcr Musik und darstellende Kunst Wien und sammelte fr\u00fch internationale Erfahrungen \u2013 unter anderem als Korrepetitor an der Pariser Nationaloper, beim RSO Wien sowie im Rahmen eines Meisterkurses bei Christian Thielemann bei den Bayreuther Festspielen. 2020 wurde ihm der Prix des Musiciens der Fondation Signature verliehen. Von 2022 bis 2024 war er Solorepetitor mit Dirigierverpflichtung am Staatstheater Braunschweig und von 2024 bis 2026 als 2. Kapellmeister am Staatstheater Meiningen t\u00e4tig.<\/p>\n\n\n\n<p class=\"wp-block-paragraph\">Mit dem Amtsantritt Va\u017eans verbindet sich ein Generationswechsel im Orchester. Er folgt auf Thomas Wicklein, der das Musiktheater in Altenburg und Gera seit 1989 als Kapellmeister pr\u00e4gte. F\u00fcr seine Verdienste wurde Wicklein 2020 mit dem Kulturpreis der Stadt Altenburg und 2026 mit der Ehrenmedaille der Stadt Altenburg ausgezeichnet.<\/p>\n\n\n\n<p class=\"wp-block-paragraph\">Seinen Einstand gab Christopher Va\u017ean zu den Er\u00f6ffnungsgalas am 27. und 30. August. Au\u00dferdem wird er beim Konzert zum Tag des offenen Denkmals am 11. September 2026 in der Br\u00fcderkirche Altenburg am Dirigentenpult stehen.<\/p>\n\n\n\n<p class=\"wp-block-paragraph\">QUELLE: THEATER ALTENBURG GERA GGMBH<\/p>\n","protected":false},"excerpt":{"rendered":"<div class=\"mh-excerpt\"><p>Das Theater Altenburg Gera startet mit einem neuen Kapellmeister in die Spielzeit 2026\/2027. Der slowakisch-amerikanische Dirigent und Pianist Christopher Va\u017ean tritt die Nachfolge von Thomas Wicklein an, der sich nach fast vier Jahrzehnten am Haus <a class=\"mh-excerpt-more\" href=\"https:\/\/www.studiogera.de\/001\/2026\/09\/02\/neuer-kapellmeister-am-theater-altenburg-gera\/\" title=\"NEUER KAPELLMEISTER AM THEATER ALTENBURG GERA\">[&#8230;]<\/a><\/p>\n<\/div>","protected":false},"author":2,"featured_media":44287,"comment_status":"open","ping_status":"open","sticky":false,"template":"","format":"standard","meta":{"footnotes":""},"categories":[15],"tags":[],"class_list":["post-44286","post","type-post","status-publish","format-standard","has-post-thumbnail","category-theater"],"_links":{"self":[{"href":"https:\/\/www.studiogera.de\/001\/wp-json\/wp\/v2\/posts\/44286","targetHints":{"allow":["GET"]}}],"collection":[{"href":"https:\/\/www.studiogera.de\/001\/wp-json\/wp\/v2\/posts"}],"about":[{"href":"https:\/\/www.studiogera.de\/001\/wp-json\/wp\/v2\/types\/post"}],"author":[{"embeddable":true,"href":"https:\/\/www.studiogera.de\/001\/wp-json\/wp\/v2\/users\/2"}],"replies":[{"embeddable":true,"href":"https:\/\/www.studiogera.de\/001\/wp-json\/wp\/v2\/comments?post=44286"}],"version-history":[{"count":1,"href":"https:\/\/www.studiogera.de\/001\/wp-json\/wp\/v2\/posts\/44286\/revisions"}],"predecessor-version":[{"id":44288,"href":"https:\/\/www.studiogera.de\/001\/wp-json\/wp\/v2\/posts\/44286\/revisions\/44288"}],"wp:featuredmedia":[{"embeddable":true,"href":"https:\/\/www.studiogera.de\/001\/wp-json\/wp\/v2\/media\/44287"}],"wp:attachment":[{"href":"https:\/\/www.studiogera.de\/001\/wp-json\/wp\/v2\/media?parent=44286"}],"wp:term":[{"taxonomy":"category","embeddable":true,"href":"https:\/\/www.studiogera.de\/001\/wp-json\/wp\/v2\/categories?post=44286"},{"taxonomy":"post_tag","embeddable":true,"href":"https:\/\/www.studiogera.de\/001\/wp-json\/wp\/v2\/tags?post=44286"}],"curies":[{"name":"wp","href":"https:\/\/api.w.org\/{rel}","templated":true}]}}