{"id":44289,"date":"2026-09-02T17:04:56","date_gmt":"2026-09-02T15:04:56","guid":{"rendered":"https:\/\/www.studiogera.de\/001\/?p=44289"},"modified":"2026-09-02T17:04:57","modified_gmt":"2026-09-02T15:04:57","slug":"bsw-landtagsfraktion-wird-kleiner","status":"publish","type":"post","link":"https:\/\/www.studiogera.de\/001\/2026\/09\/02\/bsw-landtagsfraktion-wird-kleiner\/","title":{"rendered":"BSW-LANDTAGSFRAKTION WIRD KLEINER"},"content":{"rendered":"\n<p class=\"wp-block-paragraph\">Im Th\u00fcringer Landesparlament werden drei Abgeordnete des BSW sowohl die Partei als auch die Fraktion verlassen. Dadurch verkleinert sich die Fraktion auf zw\u00f6lf Abgeordnete. Ihre Mandate wollen Stefan Wogawa, Dirk Hoffmeister und Roberto Kobelt behalten. Ein Abgeordneter, der vor wenigen Tagen aus dem BSW ausgetreten war, bleibt weiterhin Mitglied der Fraktion. Grund der Austritte sind inhaltliche Differenzen mit dem BSW-Bundesvorstand in Berlin. Diese betreffen unter anderem den Umgang mit der AFD.<\/p>\n\n\n\n<p class=\"wp-block-paragraph\">Die ausgetretenen Abgeordneten haben eine neue Partei mit dem Namen \u201eDeine Stimme z\u00e4hlt\u201c gegr\u00fcndet. Gem\u00e4\u00df \u00a7 58a des Th\u00fcringer Abgeordnetengesetz wollen sie die Bildung einer parlamentarischen Gruppe beantragen.<\/p>\n\n\n\n<p class=\"wp-block-paragraph\">Die Regierungskoalition aus CDU, BSW und SPD besteht als Minderheitsregierung fort. Eine Stellungnahme steht wegen des gegenw\u00e4rtigen Aufenthaltes in Br\u00fcssel noch aus. Bj\u00f6rn H\u00f6cke, Landes- und Fraktionsvorsitzender der AFD in Th\u00fcringen, k\u00fcndigte einen Antrag auf Aufl\u00f6sung des Landesparlamentes und Neuwahlen an. Hierf\u00fcr ist eine Zweidrittelmehrheit n\u00f6tig.<\/p>\n","protected":false},"excerpt":{"rendered":"<div class=\"mh-excerpt\"><p>Im Th\u00fcringer Landesparlament werden drei Abgeordnete des BSW sowohl die Partei als auch die Fraktion verlassen. Dadurch verkleinert sich die Fraktion auf zw\u00f6lf Abgeordnete. Ihre Mandate wollen Stefan Wogawa, Dirk Hoffmeister und Roberto Kobelt behalten. <a class=\"mh-excerpt-more\" href=\"https:\/\/www.studiogera.de\/001\/2026\/09\/02\/bsw-landtagsfraktion-wird-kleiner\/\" title=\"BSW-LANDTAGSFRAKTION WIRD KLEINER\">[&#8230;]<\/a><\/p>\n<\/div>","protected":false},"author":2,"featured_media":16568,"comment_status":"open","ping_status":"open","sticky":false,"template":"","format":"standard","meta":{"footnotes":""},"categories":[2],"tags":[],"class_list":["post-44289","post","type-post","status-publish","format-standard","has-post-thumbnail","category-weltweit"],"_links":{"self":[{"href":"https:\/\/www.studiogera.de\/001\/wp-json\/wp\/v2\/posts\/44289","targetHints":{"allow":["GET"]}}],"collection":[{"href":"https:\/\/www.studiogera.de\/001\/wp-json\/wp\/v2\/posts"}],"about":[{"href":"https:\/\/www.studiogera.de\/001\/wp-json\/wp\/v2\/types\/post"}],"author":[{"embeddable":true,"href":"https:\/\/www.studiogera.de\/001\/wp-json\/wp\/v2\/users\/2"}],"replies":[{"embeddable":true,"href":"https:\/\/www.studiogera.de\/001\/wp-json\/wp\/v2\/comments?post=44289"}],"version-history":[{"count":1,"href":"https:\/\/www.studiogera.de\/001\/wp-json\/wp\/v2\/posts\/44289\/revisions"}],"predecessor-version":[{"id":44290,"href":"https:\/\/www.studiogera.de\/001\/wp-json\/wp\/v2\/posts\/44289\/revisions\/44290"}],"wp:featuredmedia":[{"embeddable":true,"href":"https:\/\/www.studiogera.de\/001\/wp-json\/wp\/v2\/media\/16568"}],"wp:attachment":[{"href":"https:\/\/www.studiogera.de\/001\/wp-json\/wp\/v2\/media?parent=44289"}],"wp:term":[{"taxonomy":"category","embeddable":true,"href":"https:\/\/www.studiogera.de\/001\/wp-json\/wp\/v2\/categories?post=44289"},{"taxonomy":"post_tag","embeddable":true,"href":"https:\/\/www.studiogera.de\/001\/wp-json\/wp\/v2\/tags?post=44289"}],"curies":[{"name":"wp","href":"https:\/\/api.w.org\/{rel}","templated":true}]}}