{"id":44291,"date":"2026-09-02T17:17:32","date_gmt":"2026-09-02T15:17:32","guid":{"rendered":"https:\/\/www.studiogera.de\/001\/?p=44291"},"modified":"2026-09-02T17:17:33","modified_gmt":"2026-09-02T15:17:33","slug":"kinder-und-jugendaktonstag-am-16-september-2026","status":"publish","type":"post","link":"https:\/\/www.studiogera.de\/001\/2026\/09\/02\/kinder-und-jugendaktonstag-am-16-september-2026\/","title":{"rendered":"KINDER- UND JUGENDAKTONSTAG AM 16. SEPTEMBER 2026"},"content":{"rendered":"\n<p class=\"wp-block-paragraph\">Am Mittwoch, den 16. September 2026, findet von 15 Uhr bis 18 Uhr der inzwischen sechsten Kinder- und Jugendaktionstag in Gera statt.<\/p>\n\n\n\n<p class=\"wp-block-paragraph\">Einmal im Jahr macht der Kinder- und Jugendaktionstag in einem anderen Geraer Ortsteil Station. Gemeinsam mit dem jeweiligen Ortsteil organisiert die Stadt Gera f\u00fcr die Kinder und Jugendlichen einen abwechslungsreichen Nachmittag mit zahlreichen Spiel- und Sportangeboten und der M\u00f6glichkeit, ihre Ideen einzubringen, ihren Stadtteil mitzugestalten und mit ihren Anliegen wahrgenommen zu werden. 2026 ist das Ostviertel an der Reihe; die Veranstaltung findet im Park \u201eAm W\u00e4ldchen\u201c statt.<\/p>\n\n\n\n<p class=\"wp-block-paragraph\">Zahlreiche Akteure aus dem Ostviertel, Leumnitz und dar\u00fcber hinaus beteiligen sich und bringen Angebote f\u00fcr Kinder und Jugendliche mit. Im Mittelpunkt stehen Mitmachen, Ausprobieren, Austauschen und vor allem die Frage: Was w\u00fcnschen sich Kinder und Jugendliche f\u00fcr ihren Stadtteil? \u201eKinder und Jugendliche wissen selbst am besten, was ihnen in ihrem Stadtteil gef\u00e4llt, was fehlt und was besser werden k\u00f6nnte. Deshalb wollen wir ihnen nicht nur zuh\u00f6ren, sondern gemeinsam mit ihnen konkrete Ideen entwickeln\u201c, so Heike F\u00f6disch vom Jugendamt Gera.<\/p>\n\n\n\n<p class=\"wp-block-paragraph\">Der Aktionstag bildet zugleich den Auftakt f\u00fcr weitere Beteiligungsangebote im Ostviertel. Bis zum Jahresende sind unter anderem Workshops und Mitmachaktionen zu Schulwegen, Spielpl\u00e4tzen und weiteren Themen, die Kinder und Jugendliche selbst besch\u00e4ftigen, geplant. Die Ergebnisse und Ideen sollen dabei direkt in die weitere Entwicklung des Stadtteils einflie\u00dfen.<\/p>\n\n\n\n<p class=\"wp-block-paragraph\">Alle Kinder und Jugendliche aus dem Ostviertel, Leumnitz und den angrenzenden Stadtteilen sind herzlich eingeladen, am 16. September vorbeizukommen und mitzumachen.<\/p>\n\n\n\n<p class=\"wp-block-paragraph\">Der Kinder- und Jugendaktionstag sowie die weiteren Beteiligungsaktionen werden vom Deutschen Kinderhilfswerk unterst\u00fctzt.<\/p>\n\n\n\n<p class=\"wp-block-paragraph\">QUELLE: STADTVERWALTUNG<\/p>\n","protected":false},"excerpt":{"rendered":"<div class=\"mh-excerpt\"><p>Am Mittwoch, den 16. September 2026, findet von 15 Uhr bis 18 Uhr der inzwischen sechsten Kinder- und Jugendaktionstag in Gera statt. Einmal im Jahr macht der Kinder- und Jugendaktionstag in einem anderen Geraer Ortsteil <a class=\"mh-excerpt-more\" href=\"https:\/\/www.studiogera.de\/001\/2026\/09\/02\/kinder-und-jugendaktonstag-am-16-september-2026\/\" title=\"KINDER- UND JUGENDAKTONSTAG AM 16. SEPTEMBER 2026\">[&#8230;]<\/a><\/p>\n<\/div>","protected":false},"author":2,"featured_media":44292,"comment_status":"open","ping_status":"open","sticky":false,"template":"","format":"standard","meta":{"footnotes":""},"categories":[8],"tags":[],"class_list":["post-44291","post","type-post","status-publish","format-standard","has-post-thumbnail","category-kultur"],"_links":{"self":[{"href":"https:\/\/www.studiogera.de\/001\/wp-json\/wp\/v2\/posts\/44291","targetHints":{"allow":["GET"]}}],"collection":[{"href":"https:\/\/www.studiogera.de\/001\/wp-json\/wp\/v2\/posts"}],"about":[{"href":"https:\/\/www.studiogera.de\/001\/wp-json\/wp\/v2\/types\/post"}],"author":[{"embeddable":true,"href":"https:\/\/www.studiogera.de\/001\/wp-json\/wp\/v2\/users\/2"}],"replies":[{"embeddable":true,"href":"https:\/\/www.studiogera.de\/001\/wp-json\/wp\/v2\/comments?post=44291"}],"version-history":[{"count":1,"href":"https:\/\/www.studiogera.de\/001\/wp-json\/wp\/v2\/posts\/44291\/revisions"}],"predecessor-version":[{"id":44293,"href":"https:\/\/www.studiogera.de\/001\/wp-json\/wp\/v2\/posts\/44291\/revisions\/44293"}],"wp:featuredmedia":[{"embeddable":true,"href":"https:\/\/www.studiogera.de\/001\/wp-json\/wp\/v2\/media\/44292"}],"wp:attachment":[{"href":"https:\/\/www.studiogera.de\/001\/wp-json\/wp\/v2\/media?parent=44291"}],"wp:term":[{"taxonomy":"category","embeddable":true,"href":"https:\/\/www.studiogera.de\/001\/wp-json\/wp\/v2\/categories?post=44291"},{"taxonomy":"post_tag","embeddable":true,"href":"https:\/\/www.studiogera.de\/001\/wp-json\/wp\/v2\/tags?post=44291"}],"curies":[{"name":"wp","href":"https:\/\/api.w.org\/{rel}","templated":true}]}}