{"id":44304,"date":"2026-09-02T23:14:40","date_gmt":"2026-09-02T21:14:40","guid":{"rendered":"https:\/\/www.studiogera.de\/001\/?p=44304"},"modified":"2026-09-02T23:14:42","modified_gmt":"2026-09-02T21:14:42","slug":"die-entwicklung-der-innenstadt","status":"publish","type":"post","link":"https:\/\/www.studiogera.de\/001\/2026\/09\/02\/die-entwicklung-der-innenstadt\/","title":{"rendered":"DIE ENTWICKLUNG DER INNENSTADT"},"content":{"rendered":"\n<p class=\"wp-block-paragraph\">Wie soll sich die Geraer Innenstadt in den kommenden Jahren entwickeln? Mit der Handlungsstrategie \u201eDeine City Gera 2035\u201c hat der Stadtrat in seiner j\u00fcngsten Sitzung am 2. September 2026 mehrheitlich einen gemeinsamen strategischen Rahmen beschlossen. Dieser b\u00fcndelt die bisherigen Erkenntnisse und Konzepte zur Innenstadtentwicklung und legt fest, an welchen Zielen und konkreten Handlungsfeldern sich die weitere Entwicklung orientieren soll. Baudezernent Bertram Koch erkl\u00e4rt:<\/p>\n\n\n\n<blockquote class=\"wp-block-quote is-layout-flow wp-block-quote-is-layout-flow\">\n<p class=\"wp-block-paragraph\">\u201eMit der Handlungsstrategie steht die Richtung fest: Wir wollen die Innenstadt vielf\u00e4ltiger, attraktiver und zukunftsf\u00e4hig entwickeln. Dabei bleibt der Handel ein wichtiger Teil, ist aber nicht mehr das alleinige Zentrum. Eine lebendige Innenstadt muss heute unterschiedliche Funktionen miteinander verbinden \u2013 zum Einkaufen, Arbeiten, Wohnen, Erleben und Verweilen. Daf\u00fcr braucht es Ver\u00e4nderungen, die ineinandergreifen und gemeinsam Wirkung entfalten. \u201aDeine City Gera 2035\u2018 gibt uns daf\u00fcr den strategischen Rahmen und zeigt, wo wir Schwerpunkte setzen wollen.\u201c<\/p>\n<\/blockquote>\n\n\n\n<p class=\"wp-block-paragraph\"><strong>Die Innenstadt wird vielf\u00e4ltiger<\/strong><\/p>\n\n\n\n<p class=\"wp-block-paragraph\">Die Strategie reagiert auf Ver\u00e4nderungen, die viele Innenst\u00e4dte betreffen: den Wandel im Einzelhandel, ver\u00e4nderte Konsumgewohnheiten, Leerst\u00e4nde und neue Anforderungen durch den Klimawandel. Gleichzeitig zeigt eine Analyse der Geraer Innenstadt, dass sie insbesondere als kultureller und Veranstaltungsort eine wichtige Funktion besitzt.<\/p>\n\n\n\n<p class=\"wp-block-paragraph\">Das Leitbild lautet deshalb \u201eDas alles kann Innenstadt\u201c. Neben dem Handel werden weitere Funktionen gest\u00e4rkt und miteinander verbunden. Die Strategie betrachtet daf\u00fcr acht Handlungsfelder: Aufhalten, Wohnen, Arbeiten, Gastronomie, Handel, Kultur, Gr\u00fcnraum und Mobilit\u00e4t.<\/p>\n\n\n\n<p class=\"wp-block-paragraph\">Grundlage sind unter anderem eine umfassende Analyse der Innenstadt sowie die Ergebnisse einer Passanten- und Onlinebefragung sowie bereits erarbeitete Konzepte \u2013 etwa zum Stadtboden, Einzelhandel und Leerstand.<\/p>\n\n\n\n<p class=\"wp-block-paragraph\"><strong>Was bedeutet das konkret?<\/strong><\/p>\n\n\n\n<p class=\"wp-block-paragraph\">Die Handlungsstrategie benennt verschiedene strategische und r\u00e4umliche Schl\u00fcsselprojekte und zeigt m\u00f6gliche Ma\u00dfnahmen f\u00fcr die weitere Entwicklung auf. Dazu geh\u00f6ren unter anderem die Sanierung des Kultur- und Kongresszentrums, die Neugestaltung von Gustav-Hennig-Platz, Zschochern und Bahnhofsvorplatz oder auch die Aufwertung des Kornmarkts, des Steinwegs oder auch der Amthorachse, die die Innenstadt mit dem Hauptbahnhof verbindet.<\/p>\n\n\n\n<p class=\"wp-block-paragraph\">Mit dem Beschluss sind die einzelnen Projekte und deren Umsetzung nicht automatisch beschlossen. Die Strategie gibt die Richtung und Priorit\u00e4ten vor. Konkrete Ma\u00dfnahmen m\u00fcssen weiter gepr\u00fcft, konkretisiert und \u2013 soweit erforderlich \u2013 in gesonderten Verfahren beschlossen werden. Auch Fragen der Finanzierung werden jeweils einzeln betrachtet.<\/p>\n\n\n\n<p class=\"wp-block-paragraph\">Damit bildet \u201eDeine City Gera 2035\u201c den strategischen Rahmen f\u00fcr die n\u00e4chsten Jahre \u2013 mit dem Ziel, die Innenstadt als attraktiven und leistungsf\u00e4higen Mittelpunkt Geras und als wichtigen Ort f\u00fcr Handel, Kultur, Arbeit, Wohnen, Begegnung und Aufenthalt zukunftsf\u00e4hig weiterzuentwickeln.<\/p>\n\n\n\n<p class=\"wp-block-paragraph\">QUELLE: STADTVERWALTUNG<\/p>\n","protected":false},"excerpt":{"rendered":"<div class=\"mh-excerpt\"><p>Wie soll sich die Geraer Innenstadt in den kommenden Jahren entwickeln? Mit der Handlungsstrategie \u201eDeine City Gera 2035\u201c hat der Stadtrat in seiner j\u00fcngsten Sitzung am 2. September 2026 mehrheitlich einen gemeinsamen strategischen Rahmen beschlossen. <a class=\"mh-excerpt-more\" href=\"https:\/\/www.studiogera.de\/001\/2026\/09\/02\/die-entwicklung-der-innenstadt\/\" title=\"DIE ENTWICKLUNG DER INNENSTADT\">[&#8230;]<\/a><\/p>\n<\/div>","protected":false},"author":2,"featured_media":44305,"comment_status":"open","ping_status":"open","sticky":false,"template":"","format":"standard","meta":{"footnotes":""},"categories":[3],"tags":[],"class_list":["post-44304","post","type-post","status-publish","format-standard","has-post-thumbnail","category-lokal"],"_links":{"self":[{"href":"https:\/\/www.studiogera.de\/001\/wp-json\/wp\/v2\/posts\/44304","targetHints":{"allow":["GET"]}}],"collection":[{"href":"https:\/\/www.studiogera.de\/001\/wp-json\/wp\/v2\/posts"}],"about":[{"href":"https:\/\/www.studiogera.de\/001\/wp-json\/wp\/v2\/types\/post"}],"author":[{"embeddable":true,"href":"https:\/\/www.studiogera.de\/001\/wp-json\/wp\/v2\/users\/2"}],"replies":[{"embeddable":true,"href":"https:\/\/www.studiogera.de\/001\/wp-json\/wp\/v2\/comments?post=44304"}],"version-history":[{"count":1,"href":"https:\/\/www.studiogera.de\/001\/wp-json\/wp\/v2\/posts\/44304\/revisions"}],"predecessor-version":[{"id":44306,"href":"https:\/\/www.studiogera.de\/001\/wp-json\/wp\/v2\/posts\/44304\/revisions\/44306"}],"wp:featuredmedia":[{"embeddable":true,"href":"https:\/\/www.studiogera.de\/001\/wp-json\/wp\/v2\/media\/44305"}],"wp:attachment":[{"href":"https:\/\/www.studiogera.de\/001\/wp-json\/wp\/v2\/media?parent=44304"}],"wp:term":[{"taxonomy":"category","embeddable":true,"href":"https:\/\/www.studiogera.de\/001\/wp-json\/wp\/v2\/categories?post=44304"},{"taxonomy":"post_tag","embeddable":true,"href":"https:\/\/www.studiogera.de\/001\/wp-json\/wp\/v2\/tags?post=44304"}],"curies":[{"name":"wp","href":"https:\/\/api.w.org\/{rel}","templated":true}]}}