{"id":44309,"date":"2026-09-03T21:44:51","date_gmt":"2026-09-03T19:44:51","guid":{"rendered":"https:\/\/www.studiogera.de\/001\/?p=44309"},"modified":"2026-09-03T21:49:13","modified_gmt":"2026-09-03T19:49:13","slug":"technische-herausforderungen-beim-gvb","status":"publish","type":"post","link":"https:\/\/www.studiogera.de\/001\/2026\/09\/03\/technische-herausforderungen-beim-gvb\/","title":{"rendered":"TECHNISCHE HERAUSFORDERUNGEN BEIM GVB"},"content":{"rendered":"\n<p class=\"wp-block-paragraph\">An den Fahrzeugen des tschechischen Herstellers \u010cKD Praha kommt es mit zunehmendem Alter h\u00e4ufiger zu St\u00f6rungen und Ausf\u00e4llen der nachtr\u00e4glich eingebauten elektronischen Steuerung. Dadurch steigt der Reparaturaufwand. Zuletzt hatte KTNF8 Nummer 353 Probleme. W\u00e4hrend des Einsatzes auf der Linie 3 am 3. September 2026 war trotz des nach vorn bewegten Handhebels keine Beschleunigung feststellbar. Auf dem LCD-Bildschirm mittig des Fahrerpultes fehlten die sich aufbauenden Balken. Dennoch bewegte sich das Fahrzeug fort. Denn der hinten angekuppelte KT4DMC Nummer 308 reagierte ordnungsgem\u00e4\u00df auf das Steuerungssignal und setzte seine vier Motoren in Bewegung. Der Ausfall der Chopper-Steuerung vom Typ TV14 war nur von kurzer Dauer. Doch Vorkommnisse dieser Art h\u00e4ufen sich. Ein weiteres Problem ist der Rost an den Wagenk\u00e4sten. Bei der Herstellung wurden unverzinkte Stahlbleche verbaut. Die Korrosion breitet sich insbesondere im unteren Bereich seitlich der T\u00fcren aus.<\/p>\n\n\n\n<p class=\"wp-block-paragraph\">Aber auch die Neufahrzeuge funktionieren noch nicht tadellos. Ebenfalls am 3. September 2026 kollabierte die Steuerungselektronik des seit dem 26. August 2026 im Regelbetrieb befindliche Fahrzeuges 601. Kurzerhand wurde das Bauteil des Wagens 602 ausgebaut und in das Fahrzeug 601 eingesetzt. Bei der Firma Stadler in Bussnang\/Schweiz forderte der GVB eine neue Steuerungseinheit an. Aufgrund der Unabw\u00e4gbarkeiten bleiben die \u010cKD-Wagen trotz ankommender Neufahrzeuge zun\u00e4chst noch im Bestand und werden erst verschrottet, wenn die NGT12G Zuverl\u00e4ssigkeit im Einsatz bewiesen haben.<\/p>\n","protected":false},"excerpt":{"rendered":"<div class=\"mh-excerpt\"><p>An den Fahrzeugen des tschechischen Herstellers \u010cKD Praha kommt es mit zunehmendem Alter h\u00e4ufiger zu St\u00f6rungen und Ausf\u00e4llen der nachtr\u00e4glich eingebauten elektronischen Steuerung. Dadurch steigt der Reparaturaufwand. Zuletzt hatte KTNF8 Nummer 353 Probleme. W\u00e4hrend des <a class=\"mh-excerpt-more\" href=\"https:\/\/www.studiogera.de\/001\/2026\/09\/03\/technische-herausforderungen-beim-gvb\/\" title=\"TECHNISCHE HERAUSFORDERUNGEN BEIM GVB\">[&#8230;]<\/a><\/p>\n<\/div>","protected":false},"author":2,"featured_media":44311,"comment_status":"open","ping_status":"open","sticky":false,"template":"","format":"standard","meta":{"footnotes":""},"categories":[3],"tags":[],"class_list":["post-44309","post","type-post","status-publish","format-standard","has-post-thumbnail","category-lokal"],"_links":{"self":[{"href":"https:\/\/www.studiogera.de\/001\/wp-json\/wp\/v2\/posts\/44309","targetHints":{"allow":["GET"]}}],"collection":[{"href":"https:\/\/www.studiogera.de\/001\/wp-json\/wp\/v2\/posts"}],"about":[{"href":"https:\/\/www.studiogera.de\/001\/wp-json\/wp\/v2\/types\/post"}],"author":[{"embeddable":true,"href":"https:\/\/www.studiogera.de\/001\/wp-json\/wp\/v2\/users\/2"}],"replies":[{"embeddable":true,"href":"https:\/\/www.studiogera.de\/001\/wp-json\/wp\/v2\/comments?post=44309"}],"version-history":[{"count":3,"href":"https:\/\/www.studiogera.de\/001\/wp-json\/wp\/v2\/posts\/44309\/revisions"}],"predecessor-version":[{"id":44313,"href":"https:\/\/www.studiogera.de\/001\/wp-json\/wp\/v2\/posts\/44309\/revisions\/44313"}],"wp:featuredmedia":[{"embeddable":true,"href":"https:\/\/www.studiogera.de\/001\/wp-json\/wp\/v2\/media\/44311"}],"wp:attachment":[{"href":"https:\/\/www.studiogera.de\/001\/wp-json\/wp\/v2\/media?parent=44309"}],"wp:term":[{"taxonomy":"category","embeddable":true,"href":"https:\/\/www.studiogera.de\/001\/wp-json\/wp\/v2\/categories?post=44309"},{"taxonomy":"post_tag","embeddable":true,"href":"https:\/\/www.studiogera.de\/001\/wp-json\/wp\/v2\/tags?post=44309"}],"curies":[{"name":"wp","href":"https:\/\/api.w.org\/{rel}","templated":true}]}}