{"id":44314,"date":"2026-09-03T22:07:30","date_gmt":"2026-09-03T20:07:30","guid":{"rendered":"https:\/\/www.studiogera.de\/001\/?p=44314"},"modified":"2026-09-03T22:07:31","modified_gmt":"2026-09-03T20:07:31","slug":"oeffentliche-fachveranstaltung-zum-thema-bevoelkerungsschutz","status":"publish","type":"post","link":"https:\/\/www.studiogera.de\/001\/2026\/09\/03\/oeffentliche-fachveranstaltung-zum-thema-bevoelkerungsschutz\/","title":{"rendered":"\u00d6FFENTLICHE FACHVERANSTALTUNG ZUM THEMA BEV\u00d6LKERUNGSSCHUTZ"},"content":{"rendered":"\n<p class=\"wp-block-paragraph\">Die Stadt Gera f\u00fchrt am 24. September 2026 von 17 Uhr bis 19 Uhr im Rathaussaal die \u00f6ffentliche Veranstaltung \u201eProtect\u201c durch. Vor Ort erfahren interessierte B\u00fcrger in Fachvortr\u00e4gen, wie die Stadt Gera warnt, wo sie verl\u00e4ssliche Informationen erhalten und was sie selbst tun k\u00f6nnen. B\u00fcrgermeister Thomas Lenk wird ebenfalls vor Ort sein. Um m\u00f6glicht viele Menschen zu erreichen, wird die Veranstaltung \u201eProtect\u201c auch im Internet \u00fcbertragen.<\/p>\n\n\n\n<p class=\"wp-block-paragraph\"><a href=\"https:\/\/www.gera.de\/event\/protect-gera-info-tag\">https:\/\/www.gera.de\/event\/protect-gera-info-tag<\/a><\/p>\n\n\n\n<p class=\"wp-block-paragraph\">QUELLE: STADTVERWALTUNG<\/p>\n","protected":false},"excerpt":{"rendered":"<div class=\"mh-excerpt\"><p>Die Stadt Gera f\u00fchrt am 24. September 2026 von 17 Uhr bis 19 Uhr im Rathaussaal die \u00f6ffentliche Veranstaltung \u201eProtect\u201c durch. Vor Ort erfahren interessierte B\u00fcrger in Fachvortr\u00e4gen, wie die Stadt Gera warnt, wo sie <a class=\"mh-excerpt-more\" href=\"https:\/\/www.studiogera.de\/001\/2026\/09\/03\/oeffentliche-fachveranstaltung-zum-thema-bevoelkerungsschutz\/\" title=\"\u00d6FFENTLICHE FACHVERANSTALTUNG ZUM THEMA BEV\u00d6LKERUNGSSCHUTZ\">[&#8230;]<\/a><\/p>\n<\/div>","protected":false},"author":2,"featured_media":22602,"comment_status":"open","ping_status":"open","sticky":false,"template":"","format":"standard","meta":{"footnotes":""},"categories":[16],"tags":[],"class_list":["post-44314","post","type-post","status-publish","format-standard","has-post-thumbnail","category-kurzmitteilungen"],"_links":{"self":[{"href":"https:\/\/www.studiogera.de\/001\/wp-json\/wp\/v2\/posts\/44314","targetHints":{"allow":["GET"]}}],"collection":[{"href":"https:\/\/www.studiogera.de\/001\/wp-json\/wp\/v2\/posts"}],"about":[{"href":"https:\/\/www.studiogera.de\/001\/wp-json\/wp\/v2\/types\/post"}],"author":[{"embeddable":true,"href":"https:\/\/www.studiogera.de\/001\/wp-json\/wp\/v2\/users\/2"}],"replies":[{"embeddable":true,"href":"https:\/\/www.studiogera.de\/001\/wp-json\/wp\/v2\/comments?post=44314"}],"version-history":[{"count":1,"href":"https:\/\/www.studiogera.de\/001\/wp-json\/wp\/v2\/posts\/44314\/revisions"}],"predecessor-version":[{"id":44315,"href":"https:\/\/www.studiogera.de\/001\/wp-json\/wp\/v2\/posts\/44314\/revisions\/44315"}],"wp:featuredmedia":[{"embeddable":true,"href":"https:\/\/www.studiogera.de\/001\/wp-json\/wp\/v2\/media\/22602"}],"wp:attachment":[{"href":"https:\/\/www.studiogera.de\/001\/wp-json\/wp\/v2\/media?parent=44314"}],"wp:term":[{"taxonomy":"category","embeddable":true,"href":"https:\/\/www.studiogera.de\/001\/wp-json\/wp\/v2\/categories?post=44314"},{"taxonomy":"post_tag","embeddable":true,"href":"https:\/\/www.studiogera.de\/001\/wp-json\/wp\/v2\/tags?post=44314"}],"curies":[{"name":"wp","href":"https:\/\/api.w.org\/{rel}","templated":true}]}}