{"id":44316,"date":"2026-09-03T22:34:09","date_gmt":"2026-09-03T20:34:09","guid":{"rendered":"https:\/\/www.studiogera.de\/001\/?p=44316"},"modified":"2026-09-03T22:34:10","modified_gmt":"2026-09-03T20:34:10","slug":"probewarnung-am-10-september-2026","status":"publish","type":"post","link":"https:\/\/www.studiogera.de\/001\/2026\/09\/03\/probewarnung-am-10-september-2026\/","title":{"rendered":"PROBEWARNUNG AM 10. SEPTEMBER 2026"},"content":{"rendered":"\n<p class=\"wp-block-paragraph\">Am Donnerstag, den 10. September 2026, findet der diesj\u00e4hrige Bundesweite Warntag statt. Um 11 Uhr wird deutschlandweit eine Probewarnung ausgel\u00f6st. Gegen 11.45 Uhr folgt die Entwarnung.<\/p>\n\n\n\n<p class=\"wp-block-paragraph\">In Gera gibt es in diesem Jahr eine wesentliche Neuerung: Erstmals werden die neu errichteten Sirenen in mehreren Bereichen der Stadt aktiv in den Bundesweiten Warntag einbezogen. Damit wird der bestehende Warnmix aus digitalen und klassischen Warnmitteln um einen weiteren wichtigen lokalen Warnkanal erg\u00e4nzt.<\/p>\n\n\n\n<p class=\"wp-block-paragraph\">Die Bev\u00f6lkerung wird am Warntag unter anderem \u00fcber Cell-Broadcast, Warn-Applikationen wie Nina und Katwarn, Rundfunk sowie weitere angeschlossene Warnkan\u00e4le erreicht. Zus\u00e4tzlich werden in Gera die bereits neu installierten und f\u00fcr den Test vorgesehenen Sirenen ausgel\u00f6st.<\/p>\n\n\n\n<p class=\"wp-block-paragraph\">Am 10. September werden innerhalb des Stadtgebietes die Sirenen in folgenden Bereichen in die Probewarnung einbezogen: Gro\u00dfaga, Liebschwitz, Langenberg, Pforten, Untermhaus, Zw\u00f6tzen, Milbitz, Thieschitz, Frankenthal, Hain, R\u00f6psen, Dorna.<\/p>\n\n\n\n<p class=\"wp-block-paragraph\">In diesen Bereichen soll gleichzeitig \u00fcberpr\u00fcft werden, ob das akustische Warnsignal innerhalb der vorgesehenen Beschallungsbereiche ausreichend wahrgenommen werden kann.<\/p>\n\n\n\n<p class=\"wp-block-paragraph\">Um 11 Uhr wird zur Probewarnung ein einmin\u00fctiger auf- und abschwellender Heulton ausgel\u00f6st. Dieses Sirenensignal entspricht der Warnung der Bev\u00f6lkerung, wie sie auch bei einer tats\u00e4chlichen Gefahrenlage verwendet wird.<\/p>\n\n\n\n<p class=\"wp-block-paragraph\">Im Ernstfall bedeutet dieses Signal Gefahr! Wer diesen Warnton h\u00f6rt, sollte Geb\u00e4ude beziehungsweise gesch\u00fctzte Bereiche aufsuchen oder dortbleiben und sich umgehend \u00fcber die aktuelle Gefahrenlage informieren. Dazu sollten insbesondere Radio, Warn-Applikationen, Cell-Broadcast sowie die offiziellen Informationskan\u00e4le der zust\u00e4ndigen Beh\u00f6rden genutzt werden. Dort werden weitere Informationen zur Gefahrenlage und gegebenenfalls konkrete Verhaltenshinweise ver\u00f6ffentlicht.<\/p>\n\n\n\n<p class=\"wp-block-paragraph\">Gegen 11.45 Uhr folgt die Entwarnung. \u00dcber die Sirenen wird dabei ein einmin\u00fctiger gleichbleibender Dauerton ausgesendet. Dieses Signal bedeutet im Ernstfall, dass die Gefahr vor\u00fcber ist.<\/p>\n\n\n\n<p class=\"wp-block-paragraph\">Damit werden am Warntag bewusst dieselben Sirenensignale genutzt, die die Bev\u00f6lkerung auch bei einer tats\u00e4chlichen Gefahrenlage erkennen und richtig einordnen soll. Bei der Sirenenprobe werden keine Sprachdurchsagen \u00fcbertragen.<\/p>\n\n\n\n<p class=\"wp-block-paragraph\">Wichtig: Am 10. September handelt es sich ausschlie\u00dflich um eine Probewarnung im Rahmen des Bundesweiten Warntages. Es liegt keine reale Gefahrenlage und kein Einsatzgeschehen zugrunde. Die ausgel\u00f6sten Warnmittel und Sirenensignale dienen an diesem Tag ausschlie\u00dflich der Erprobung und Sensibilisierung der Bev\u00f6lkerung.<\/p>\n\n\n\n<p class=\"wp-block-paragraph\">Mit der Einbeziehung der neuen Sirenen soll nicht ausschlie\u00dflich deren technische Funktionsf\u00e4higkeit getestet werden. Gleichzeitig soll \u00fcberpr\u00fcft werden, ob die akustischen Warnsignale innerhalb der vorgesehenen Beschallungsbereiche ausreichend wahrgenommen werden k\u00f6nnen.<\/p>\n\n\n\n<p class=\"wp-block-paragraph\">Damit ist der Bundesweite Warntag f\u00fcr die Stadt Gera gleichzeitig ein wichtiger Praxistest f\u00fcr die neu aufgebaute Warninfrastruktur. Die gewonnenen Erkenntnisse sollen anschlie\u00dfend ausgewertet werden und k\u00f6nnen dazu beitragen, die \u00f6rtlichen Warnm\u00f6glichkeiten weiter zu optimieren.<\/p>\n\n\n\n<p class=\"wp-block-paragraph\">Sirenen erf\u00fcllen innerhalb des Warnmixes vor allem eine wichtige Aufmerksamkeitsfunktion. Wer einen Warnton h\u00f6rt, soll erkennen, dass eine besondere Gefahrenlage vorliegen kann, und sich anschlie\u00dfend aktiv \u00fcber weitere Warn- und Informationskan\u00e4le informieren.<\/p>\n\n\n\n<p class=\"wp-block-paragraph\"><strong>Warum gibt es den Bundesweiten Warntag?<\/strong><\/p>\n\n\n\n<p class=\"wp-block-paragraph\">Der Bundesweite Warntag ist ein gemeinsamer Aktionstag von Bund, L\u00e4ndern und Kommunen. Ziel ist es einerseits, die technische Warninfrastruktur und die Abl\u00e4ufe einer Warnung unter m\u00f6glichst realistischen Bedingungen zu erproben. Von der Ausl\u00f6sung einer Warnmeldung bis zu ihrer tats\u00e4chlichen Wahrnehmung auf Smartphones, \u00fcber Warn-Applikationen, Radio, Internetangebote oder Sirenen wird das Zusammenspiel der verschiedenen Warnmittel getestet.<\/p>\n\n\n\n<p class=\"wp-block-paragraph\">Gleichzeitig soll der Warntag die Bev\u00f6lkerung f\u00fcr das Thema Warnung sensibilisieren. Wer die verschiedenen Warnwege und insbesondere die Bedeutung der Sirenensignale kennt, kann in einer tats\u00e4chlichen Gefahrenlage schneller und richtig reagieren.<\/p>\n\n\n\n<p class=\"wp-block-paragraph\">M\u00f6gliche technische oder organisatorische Schwachstellen, die w\u00e4hrend der Probewarnung festgestellt werden, k\u00f6nnen anschlie\u00dfend ausgewertet und behoben werden.<\/p>\n\n\n\n<p class=\"wp-block-paragraph\">QUELLE: AMT F\u00dcR BRAND- UND KATASTROPHENSCHUTZ<\/p>\n","protected":false},"excerpt":{"rendered":"<div class=\"mh-excerpt\"><p>Am Donnerstag, den 10. September 2026, findet der diesj\u00e4hrige Bundesweite Warntag statt. Um 11 Uhr wird deutschlandweit eine Probewarnung ausgel\u00f6st. Gegen 11.45 Uhr folgt die Entwarnung. In Gera gibt es in diesem Jahr eine wesentliche <a class=\"mh-excerpt-more\" href=\"https:\/\/www.studiogera.de\/001\/2026\/09\/03\/probewarnung-am-10-september-2026\/\" title=\"PROBEWARNUNG AM 10. SEPTEMBER 2026\">[&#8230;]<\/a><\/p>\n<\/div>","protected":false},"author":2,"featured_media":44318,"comment_status":"open","ping_status":"open","sticky":false,"template":"","format":"standard","meta":{"footnotes":""},"categories":[3],"tags":[],"class_list":["post-44316","post","type-post","status-publish","format-standard","has-post-thumbnail","category-lokal"],"_links":{"self":[{"href":"https:\/\/www.studiogera.de\/001\/wp-json\/wp\/v2\/posts\/44316","targetHints":{"allow":["GET"]}}],"collection":[{"href":"https:\/\/www.studiogera.de\/001\/wp-json\/wp\/v2\/posts"}],"about":[{"href":"https:\/\/www.studiogera.de\/001\/wp-json\/wp\/v2\/types\/post"}],"author":[{"embeddable":true,"href":"https:\/\/www.studiogera.de\/001\/wp-json\/wp\/v2\/users\/2"}],"replies":[{"embeddable":true,"href":"https:\/\/www.studiogera.de\/001\/wp-json\/wp\/v2\/comments?post=44316"}],"version-history":[{"count":1,"href":"https:\/\/www.studiogera.de\/001\/wp-json\/wp\/v2\/posts\/44316\/revisions"}],"predecessor-version":[{"id":44317,"href":"https:\/\/www.studiogera.de\/001\/wp-json\/wp\/v2\/posts\/44316\/revisions\/44317"}],"wp:featuredmedia":[{"embeddable":true,"href":"https:\/\/www.studiogera.de\/001\/wp-json\/wp\/v2\/media\/44318"}],"wp:attachment":[{"href":"https:\/\/www.studiogera.de\/001\/wp-json\/wp\/v2\/media?parent=44316"}],"wp:term":[{"taxonomy":"category","embeddable":true,"href":"https:\/\/www.studiogera.de\/001\/wp-json\/wp\/v2\/categories?post=44316"},{"taxonomy":"post_tag","embeddable":true,"href":"https:\/\/www.studiogera.de\/001\/wp-json\/wp\/v2\/tags?post=44316"}],"curies":[{"name":"wp","href":"https:\/\/api.w.org\/{rel}","templated":true}]}}