{"id":44319,"date":"2026-09-03T22:52:48","date_gmt":"2026-09-03T20:52:48","guid":{"rendered":"https:\/\/www.studiogera.de\/001\/?p=44319"},"modified":"2026-09-03T22:52:50","modified_gmt":"2026-09-03T20:52:50","slug":"das-theater-vom-4-bis-6-september-2026","status":"publish","type":"post","link":"https:\/\/www.studiogera.de\/001\/2026\/09\/03\/das-theater-vom-4-bis-6-september-2026\/","title":{"rendered":"DAS THEATER VOM 4. BIS 6. SEPTEMBER 2026"},"content":{"rendered":"\n<p class=\"wp-block-paragraph\">Der Vorhang hebt sich wieder f\u00fcr ein unterhaltsames Wochenende, denn das Theater Altenburg Gera startet mit voller Energie und einem abwechslungsreichen Programm auf den B\u00fchnen beider St\u00e4dte in die neue Spielzeit.<\/p>\n\n\n\n<p class=\"wp-block-paragraph\">GERA<\/p>\n\n\n\n<p class=\"wp-block-paragraph\"><strong>\u201eArabella\u201c von Richard Strauss in Gera<\/strong><br>Richard Strauss\u2019 lyrische Kom\u00f6die \u201eArabella\u201c entf\u00fchrt am Freitag, den 4. September 2026, um 18 Uhr im Gro\u00dfen Haus Gera in das mond\u00e4ne Wien des Jahres 1860. Das Publikum erwartet ebenso ein walzerseliger wie ber\u00fchrender Abend voller Klanggenuss, der von der sehnsuchtsvoller Suche nach dem \u201eRichtigen\u201c erz\u00e4hlt. Eine Einf\u00fchrung in das St\u00fcck findet um 17.30 Uhr im Konzertsaal Gera statt.<\/p>\n\n\n\n<p class=\"wp-block-paragraph\"><strong>\u201eDer Schimmelreiter\u201c kommt als Puppenspiel in Gera auf die B\u00fchne<\/strong><br>Ein gebrochener Deich, Tote und die Frage: Wer tr\u00e4gt die Verantwortung? Mit \u201eDer Schimmelreiter\u201c bringt das Puppentheater des Theaters Altenburg Gera Theodor Storms ber\u00fchmte Novelle auf die B\u00fchne. Die Inszenierung von Christine Zeides feiert am Samstag, den 5. September, um 19.30 Uhr im Puppentheater am Gustav-Hennig-Platz in Gera Premiere. Das St\u00fcck richtet sich an Jugendliche ab 14 Jahren und Erwachsene.<\/p>\n\n\n\n<p class=\"wp-block-paragraph\">ALTENBURG<\/p>\n\n\n\n<p class=\"wp-block-paragraph\"><strong>Matinee mit Theaterfr\u00fchst\u00fcck zu \u201eYvonne, die Burgunderprinzessin\u201c<\/strong><br>Kurz vor der Premiere der sparten\u00fcbergreifenden Theatergroteske \u201eYvonne, die Burgunderprinzessin\u201c l\u00e4dt das Theater Altenburg Gera am Sonntag, den 6. September, um 11 Uhr zu einer \u00f6ffentlichen Matinee ins Heizhaus Altenburg ein. Die Veranstaltung bietet exklusive Einblicke in das St\u00fcck. Der Altenburger Theaterverein l\u00e4dt im Rahmen der Matinee zudem zu einem geselligen Theaterfr\u00fchst\u00fcck ein. Der Eintritt ist frei. Interessierte sind herzlich willkommen.<\/p>\n\n\n\n<p class=\"wp-block-paragraph\"><strong>Jugendtheater \u00fcber Selbstbestimmung und gesellschaftliche Erwartungen<\/strong><br>Mit \u201e42 Milligramm\u201c ist am Sonntag, den 6. September, um 18 Uhr im Heizhaus Altenburg eine Inszenierung des Jugendtheaterclubs Maskenfabrik zu erleben. Ausgangspunkt ist eine psychiatrische Einrichtung, in der mehrere junge Frauen untergebracht sind. Aus unterschiedlichen Perspektiven erz\u00e4hlt das St\u00fcck von psychischen Erkrankungen, vom Umgang damit \u2013 und von der Erfahrung, als junge Frau mit einer Diagnose schnell an den Rand der Gesellschaft gedr\u00e4ngt zu werden.<\/p>\n\n\n\n<p class=\"wp-block-paragraph\">Eintrittskarten sind an den Theaterkassen sowie \u00fcber die Webseite des Theaters erh\u00e4ltlich. Diese sind unter der Rufnummer 0365 8279105 bzw. 03447 585160 sowie \u00fcber \u201e<a href=\"https:\/\/theater-altenburg-gera.de\/\">https:\/\/theater-altenburg-gera.de\/<\/a>\u201d erreichbar.<\/p>\n\n\n\n<p class=\"wp-block-paragraph\">QUELLE: THEATER ALTENBURG GERA GGMBH<\/p>\n","protected":false},"excerpt":{"rendered":"<div class=\"mh-excerpt\"><p>Der Vorhang hebt sich wieder f\u00fcr ein unterhaltsames Wochenende, denn das Theater Altenburg Gera startet mit voller Energie und einem abwechslungsreichen Programm auf den B\u00fchnen beider St\u00e4dte in die neue Spielzeit. GERA \u201eArabella\u201c von Richard <a class=\"mh-excerpt-more\" href=\"https:\/\/www.studiogera.de\/001\/2026\/09\/03\/das-theater-vom-4-bis-6-september-2026\/\" title=\"DAS THEATER VOM 4. BIS 6. SEPTEMBER 2026\">[&#8230;]<\/a><\/p>\n<\/div>","protected":false},"author":2,"featured_media":44322,"comment_status":"open","ping_status":"open","sticky":false,"template":"","format":"standard","meta":{"footnotes":""},"categories":[15],"tags":[],"class_list":["post-44319","post","type-post","status-publish","format-standard","has-post-thumbnail","category-theater"],"_links":{"self":[{"href":"https:\/\/www.studiogera.de\/001\/wp-json\/wp\/v2\/posts\/44319","targetHints":{"allow":["GET"]}}],"collection":[{"href":"https:\/\/www.studiogera.de\/001\/wp-json\/wp\/v2\/posts"}],"about":[{"href":"https:\/\/www.studiogera.de\/001\/wp-json\/wp\/v2\/types\/post"}],"author":[{"embeddable":true,"href":"https:\/\/www.studiogera.de\/001\/wp-json\/wp\/v2\/users\/2"}],"replies":[{"embeddable":true,"href":"https:\/\/www.studiogera.de\/001\/wp-json\/wp\/v2\/comments?post=44319"}],"version-history":[{"count":3,"href":"https:\/\/www.studiogera.de\/001\/wp-json\/wp\/v2\/posts\/44319\/revisions"}],"predecessor-version":[{"id":44323,"href":"https:\/\/www.studiogera.de\/001\/wp-json\/wp\/v2\/posts\/44319\/revisions\/44323"}],"wp:featuredmedia":[{"embeddable":true,"href":"https:\/\/www.studiogera.de\/001\/wp-json\/wp\/v2\/media\/44322"}],"wp:attachment":[{"href":"https:\/\/www.studiogera.de\/001\/wp-json\/wp\/v2\/media?parent=44319"}],"wp:term":[{"taxonomy":"category","embeddable":true,"href":"https:\/\/www.studiogera.de\/001\/wp-json\/wp\/v2\/categories?post=44319"},{"taxonomy":"post_tag","embeddable":true,"href":"https:\/\/www.studiogera.de\/001\/wp-json\/wp\/v2\/tags?post=44319"}],"curies":[{"name":"wp","href":"https:\/\/api.w.org\/{rel}","templated":true}]}}