{"id":44324,"date":"2026-09-04T09:20:28","date_gmt":"2026-09-04T07:20:28","guid":{"rendered":"https:\/\/www.studiogera.de\/001\/?p=44324"},"modified":"2026-09-04T09:20:29","modified_gmt":"2026-09-04T07:20:29","slug":"fahrradteile-aus-kellerabteil-entwendet","status":"publish","type":"post","link":"https:\/\/www.studiogera.de\/001\/2026\/09\/04\/fahrradteile-aus-kellerabteil-entwendet\/","title":{"rendered":"FAHRRADTEILE AUS KELLERABTEIL ENTWENDET"},"content":{"rendered":"\n<p class=\"wp-block-paragraph\">Im Zeitraum vom 2. August bis zum 2. September 2026 kam es in einem Mehrfamilienhaus in der Herderstra\u00dfe zu einem Einbruch in ein Kellerabteil.<\/p>\n\n\n\n<p class=\"wp-block-paragraph\">Nach bisherigen Erkenntnissen gelangte eine bislang unbekannte T\u00e4terschaft auf noch nicht gekl\u00e4rte Weise in das Treppenhaus des Wohnhauses. Anschlie\u00dfend wurde die T\u00fcr zu einem Kellerabteil gewaltsam ge\u00f6ffnet. Hierzu wurde der Schlie\u00dfriegel der T\u00fcr aufgebogen.<\/p>\n\n\n\n<p class=\"wp-block-paragraph\">Aus dem Kellerabteil wurden nach erster \u00dcbersicht verschiedene Fahrradteile im Gesamtwert von etwa 250 Euro entwendet. Am Kellerabteil entstand ein Sachschaden von rund 20 Euro.<\/p>\n\n\n\n<p class=\"wp-block-paragraph\">Die Polizei hat unter dem Aktenzeichen 0223700\/2026 die Ermittlungen wegen des Verdachts des besonders schweren Falls des Diebstahls aufgenommen. Am Tatort wurden Spuren gesichert.<\/p>\n","protected":false},"excerpt":{"rendered":"<div class=\"mh-excerpt\"><p>Im Zeitraum vom 2. August bis zum 2. September 2026 kam es in einem Mehrfamilienhaus in der Herderstra\u00dfe zu einem Einbruch in ein Kellerabteil. Nach bisherigen Erkenntnissen gelangte eine bislang unbekannte T\u00e4terschaft auf noch nicht <a class=\"mh-excerpt-more\" href=\"https:\/\/www.studiogera.de\/001\/2026\/09\/04\/fahrradteile-aus-kellerabteil-entwendet\/\" title=\"FAHRRADTEILE AUS KELLERABTEIL ENTWENDET\">[&#8230;]<\/a><\/p>\n<\/div>","protected":false},"author":2,"featured_media":9353,"comment_status":"open","ping_status":"open","sticky":false,"template":"","format":"standard","meta":{"footnotes":""},"categories":[13],"tags":[],"class_list":["post-44324","post","type-post","status-publish","format-standard","has-post-thumbnail","category-polizeiberichte"],"_links":{"self":[{"href":"https:\/\/www.studiogera.de\/001\/wp-json\/wp\/v2\/posts\/44324","targetHints":{"allow":["GET"]}}],"collection":[{"href":"https:\/\/www.studiogera.de\/001\/wp-json\/wp\/v2\/posts"}],"about":[{"href":"https:\/\/www.studiogera.de\/001\/wp-json\/wp\/v2\/types\/post"}],"author":[{"embeddable":true,"href":"https:\/\/www.studiogera.de\/001\/wp-json\/wp\/v2\/users\/2"}],"replies":[{"embeddable":true,"href":"https:\/\/www.studiogera.de\/001\/wp-json\/wp\/v2\/comments?post=44324"}],"version-history":[{"count":1,"href":"https:\/\/www.studiogera.de\/001\/wp-json\/wp\/v2\/posts\/44324\/revisions"}],"predecessor-version":[{"id":44325,"href":"https:\/\/www.studiogera.de\/001\/wp-json\/wp\/v2\/posts\/44324\/revisions\/44325"}],"wp:featuredmedia":[{"embeddable":true,"href":"https:\/\/www.studiogera.de\/001\/wp-json\/wp\/v2\/media\/9353"}],"wp:attachment":[{"href":"https:\/\/www.studiogera.de\/001\/wp-json\/wp\/v2\/media?parent=44324"}],"wp:term":[{"taxonomy":"category","embeddable":true,"href":"https:\/\/www.studiogera.de\/001\/wp-json\/wp\/v2\/categories?post=44324"},{"taxonomy":"post_tag","embeddable":true,"href":"https:\/\/www.studiogera.de\/001\/wp-json\/wp\/v2\/tags?post=44324"}],"curies":[{"name":"wp","href":"https:\/\/api.w.org\/{rel}","templated":true}]}}