{"id":44328,"date":"2026-09-04T09:26:01","date_gmt":"2026-09-04T07:26:01","guid":{"rendered":"https:\/\/www.studiogera.de\/001\/?p=44328"},"modified":"2026-09-04T09:26:03","modified_gmt":"2026-09-04T07:26:03","slug":"auseinandersetzung-bei-fahrscheinkontrolle","status":"publish","type":"post","link":"https:\/\/www.studiogera.de\/001\/2026\/09\/04\/auseinandersetzung-bei-fahrscheinkontrolle\/","title":{"rendered":"AUSEINANDERSETZUNG BEI FAHRSCHEINKONTROLLE"},"content":{"rendered":"\n<p class=\"wp-block-paragraph\">Im Rahmen einer Fahrscheinkontrolle kam es am Donnerstagnachmittag, den 3. September 2026, gegen 16.10 Uhr in einer Tram zu einer k\u00f6rperlichen Auseinandersetzung. Nach bisherigen Erkenntnissen sollte ein 35-j\u00e4hriger syrischer Fahrgast durch zwei Kontrolleure im Alter von 26 und 31 Jahren kontrolliert werden. Hierbei kam es zun\u00e4chst zu einer verbalen und in der Folge zu einer k\u00f6rperlichen Auseinandersetzung. Der 35-J\u00e4hrige soll dabei unter anderem einen der Kontrolleure an den Haaren gezogen haben. In der weiteren Folge wurde der Mann durch die Kontrolleure zu Boden gebracht. Dabei wurde er leicht verletzt. Auch einer der Kontrolleure erlitt leichte Verletzungen. Die Polizei hat die Ermittlungen zum genauen Ablauf des Geschehens aufgenommen und unter dem Aktenzeichen 0224973\/2026 erfasst.<\/p>\n","protected":false},"excerpt":{"rendered":"<div class=\"mh-excerpt\"><p>Im Rahmen einer Fahrscheinkontrolle kam es am Donnerstagnachmittag, den 3. September 2026, gegen 16.10 Uhr in einer Tram zu einer k\u00f6rperlichen Auseinandersetzung. Nach bisherigen Erkenntnissen sollte ein 35-j\u00e4hriger syrischer Fahrgast durch zwei Kontrolleure im Alter <a class=\"mh-excerpt-more\" href=\"https:\/\/www.studiogera.de\/001\/2026\/09\/04\/auseinandersetzung-bei-fahrscheinkontrolle\/\" title=\"AUSEINANDERSETZUNG BEI FAHRSCHEINKONTROLLE\">[&#8230;]<\/a><\/p>\n<\/div>","protected":false},"author":2,"featured_media":9356,"comment_status":"open","ping_status":"open","sticky":false,"template":"","format":"standard","meta":{"footnotes":""},"categories":[13],"tags":[],"class_list":["post-44328","post","type-post","status-publish","format-standard","has-post-thumbnail","category-polizeiberichte"],"_links":{"self":[{"href":"https:\/\/www.studiogera.de\/001\/wp-json\/wp\/v2\/posts\/44328","targetHints":{"allow":["GET"]}}],"collection":[{"href":"https:\/\/www.studiogera.de\/001\/wp-json\/wp\/v2\/posts"}],"about":[{"href":"https:\/\/www.studiogera.de\/001\/wp-json\/wp\/v2\/types\/post"}],"author":[{"embeddable":true,"href":"https:\/\/www.studiogera.de\/001\/wp-json\/wp\/v2\/users\/2"}],"replies":[{"embeddable":true,"href":"https:\/\/www.studiogera.de\/001\/wp-json\/wp\/v2\/comments?post=44328"}],"version-history":[{"count":1,"href":"https:\/\/www.studiogera.de\/001\/wp-json\/wp\/v2\/posts\/44328\/revisions"}],"predecessor-version":[{"id":44329,"href":"https:\/\/www.studiogera.de\/001\/wp-json\/wp\/v2\/posts\/44328\/revisions\/44329"}],"wp:featuredmedia":[{"embeddable":true,"href":"https:\/\/www.studiogera.de\/001\/wp-json\/wp\/v2\/media\/9356"}],"wp:attachment":[{"href":"https:\/\/www.studiogera.de\/001\/wp-json\/wp\/v2\/media?parent=44328"}],"wp:term":[{"taxonomy":"category","embeddable":true,"href":"https:\/\/www.studiogera.de\/001\/wp-json\/wp\/v2\/categories?post=44328"},{"taxonomy":"post_tag","embeddable":true,"href":"https:\/\/www.studiogera.de\/001\/wp-json\/wp\/v2\/tags?post=44328"}],"curies":[{"name":"wp","href":"https:\/\/api.w.org\/{rel}","templated":true}]}}