{"id":44330,"date":"2026-09-04T15:33:22","date_gmt":"2026-09-04T13:33:22","guid":{"rendered":"https:\/\/www.studiogera.de\/001\/?p=44330"},"modified":"2026-09-04T15:33:22","modified_gmt":"2026-09-04T13:33:22","slug":"umfangreiche-ortsteilbereisung","status":"publish","type":"post","link":"https:\/\/www.studiogera.de\/001\/2026\/09\/04\/umfangreiche-ortsteilbereisung\/","title":{"rendered":"UMFANGREICHE ORTSTEILBEREISUNG"},"content":{"rendered":"\n<p class=\"wp-block-paragraph\">In der vergangenen Woche fand im Stadtteil Bieblach-Tinz eine umfangreiche Ortsteilbereisung mit anschlie\u00dfender Einwohnerversammlung statt, bei der B\u00fcrger und Vertreter des neu gew\u00e4hlten Ortsteilrates aktiv ihre Anliegen, Ideen und Fragen einbrachten. Diese Veranstaltung markierte einen wichtigen Auftakt in der kommunalen B\u00fcrgerbeteiligung in Bieblach-Tinz und zeigt, wie moderne Stadtentwicklung transparent und partizipativ gestaltet werden kann.<\/p>\n\n\n\n<p class=\"wp-block-paragraph\"><strong>Einblick vor Ort<\/strong><\/p>\n\n\n\n<p class=\"wp-block-paragraph\">Mit einem Minibus wurden Stationen in Rosch\u00fctz und Tinz angesteuert, darunter die Brahmebr\u00fccke, die Stra\u00dfe der Jugend, die A.-S.-Makarenko-Stra\u00dfe sowie das \u00c4rztehaus am W.-Majakowski-Stra\u00dfe. Zu Fu\u00df ging es anschlie\u00dfend zum Bieblacher Hang, wo die Teilnehmerinnen und Teilnehmer die Gelegenheit hatten, sich direkt vor Ort \u00fcber aktuelle Herausforderungen und geplante Ma\u00dfnahmen zu informieren. Die Bereisung lieferte wertvolle Einblicke in die aktuellen st\u00e4dtebaulichen und infrastrukturellen Gegebenheiten. Besonders diskutiert wurden:<\/p>\n\n\n\n<p class=\"wp-block-paragraph\"><strong>Br\u00fcckensanierung Rosch\u00fctz<\/strong><br>Der Zustand der Brahmebr\u00fccke wurde gepr\u00fcft, die Zustandsnote liegt bei 2,9. Eine mittelfristige Sanierung ist derzeit nicht geplant, das Thema bleibt jedoch auf der Agenda, da insbesondere die Br\u00fcstung ausgebessert werden sollte.<\/p>\n\n\n\n<p class=\"wp-block-paragraph\"><strong>Verkehrssicherheit<\/strong><br>Der Wunsch nach der Einrichtung einer Tempo-30-Zone im Tinz-Wohngebiet sowie die Forderung nach einer zus\u00e4tzlichen Querungsm\u00f6glichkeit f\u00fcr Fu\u00dfg\u00e4nger bzw. der Verbreiterung der bestehenden M\u00f6glichkeit an der Johannes-R.-Becher-Stra\u00dfe wurden intensiv er\u00f6rtert und werden seitens der Stadtverwaltung gepr\u00fcft.<\/p>\n\n\n\n<p class=\"wp-block-paragraph\"><strong>\u00d6ffentliche Beleuchtung<\/strong><br>Anwohner aus Rosch\u00fctz beklagten das Fehlen der Stra\u00dfenbeleuchtung in der Kirchstra\u00dfe.<\/p>\n\n\n\n<p class=\"wp-block-paragraph\"><strong>Gr\u00fcnfl\u00e4chen und Sauberkeit<\/strong><br>Die ungepflegte Gr\u00fcnfl\u00e4che an der W.-Majakowskistra\u00dfe wurde ebenso thematisiert wie die Problematik des Rattenbefalls im Park \u201eGr\u00fcne Mulde\u201c. Hier wurden bereits erste Ma\u00dfnahmen zur Bek\u00e4mpfung eingeleitet.<\/p>\n\n\n\n<p class=\"wp-block-paragraph\"><strong>Leerst\u00e4nde und Bauentwicklung<\/strong><br>Der Austausch zu leerstehenden Geb\u00e4uden und den Sanierungsprojekten entlang der Johannes-R.-Becher-Stra\u00dfe zeigte die Dringlichkeit, aktuellem Leerstand entgegenzuwirken. Dabei soll die Verwaltung auf ein ausgewogenes Verh\u00e4ltnis zwischen aktuellen Wohnstandards und den Denkmalschutzinteressen achten. Die Erarbeitung der nachhaltigen L\u00f6sungen zwischen Eigent\u00fcmern und Stadt wird ein erster Schritt sein, den Leerstand nicht fortschreiten zu lassen.<\/p>\n\n\n\n<p class=\"wp-block-paragraph\"><strong>Dialog auf Augenh\u00f6he<\/strong><br>Mehr Transparenz, mehr Mitbestimmung<\/p>\n\n\n\n<p class=\"wp-block-paragraph\">Im Anschluss an die Bereisung fand die Einwohnerversammlung in der Bieblacher Schule statt. Hier konnten die B\u00fcrgerinnen und B\u00fcrger ihre Anliegen direkt vortragen, Fragen stellen und Anregungen f\u00fcr die zuk\u00fcnftige Entwicklung des Ortsteils geben. Stadtverwaltung und Ortsteilrat pr\u00e4sentierten die aktuellen Projekte, berichteten \u00fcber die geplanten Fokus-Ma\u00dfnahmen im Bereich Stadtplanung f\u00fcr ganz Gera und gaben Einblick in die n\u00e4chsten Schritte bei Themen wie Haushaltsplanung und Projektmanagement.<\/p>\n\n\n\n<p class=\"wp-block-paragraph\">\u201eUnsere Veranstaltung zeigt, wie wichtig es ist, die Menschen vor Ort in die Stadtentwicklung einzubinden\u201c, erkl\u00e4rten Oberb\u00fcrgermeister Kurt Dannenberg und Ortsteilb\u00fcrgermeisterin Frau Paulick. Die Mobilisierung der Anwohner vor Ort und der offene Austausch unterstreichen die Bedeutung einer transparenten und b\u00fcrgernahen Stadtpolitik. Die Ergebnisse der Veranstaltung flie\u00dfen in die weitere Planung ein, und die Stadtverwaltung wird die vereinbarten Ma\u00dfnahmen zeitnah umsetzen oder weiterverfolgen. \u201eWir freuen uns \u00fcber die gro\u00dfe Resonanz und das Engagement der B\u00fcrgerinnen und B\u00fcrger\u201c, so Oberb\u00fcrgermeister Herr Dannenberg. \u201eUnsere Stadt lebt vom Mitmachen und der gemeinsamen Gestaltung. Bieblach-Tinz ist ein lebendiger Stadtteil, der durch den Dialog und neue Ideen noch lebenswerter wird.\u201c<\/p>\n\n\n\n<p class=\"wp-block-paragraph\"><strong>Hinweis f\u00fcr alle Interessierten<\/strong><br>Die n\u00e4chsten Termine und Beteiligungsm\u00f6glichkeiten im Stadtteil werden fr\u00fchzeitig bekannt gegeben. B\u00fcrgerinnen und B\u00fcrger sind herzlich eingeladen, sich weiterhin aktiv einzubringen \u2013 sei es bei zuk\u00fcnftigen Veranstaltungen, in Arbeitsgruppen oder im direkten Gespr\u00e4ch mit den Verantwortlichen.<\/p>\n\n\n\n<p class=\"wp-block-paragraph\">QUELLE: STADTVERWALTUNG<\/p>\n","protected":false},"excerpt":{"rendered":"<div class=\"mh-excerpt\"><p>In der vergangenen Woche fand im Stadtteil Bieblach-Tinz eine umfangreiche Ortsteilbereisung mit anschlie\u00dfender Einwohnerversammlung statt, bei der B\u00fcrger und Vertreter des neu gew\u00e4hlten Ortsteilrates aktiv ihre Anliegen, Ideen und Fragen einbrachten. Diese Veranstaltung markierte einen <a class=\"mh-excerpt-more\" href=\"https:\/\/www.studiogera.de\/001\/2026\/09\/04\/umfangreiche-ortsteilbereisung\/\" title=\"UMFANGREICHE ORTSTEILBEREISUNG\">[&#8230;]<\/a><\/p>\n<\/div>","protected":false},"author":2,"featured_media":44331,"comment_status":"open","ping_status":"open","sticky":false,"template":"","format":"standard","meta":{"footnotes":""},"categories":[3],"tags":[],"class_list":["post-44330","post","type-post","status-publish","format-standard","has-post-thumbnail","category-lokal"],"_links":{"self":[{"href":"https:\/\/www.studiogera.de\/001\/wp-json\/wp\/v2\/posts\/44330","targetHints":{"allow":["GET"]}}],"collection":[{"href":"https:\/\/www.studiogera.de\/001\/wp-json\/wp\/v2\/posts"}],"about":[{"href":"https:\/\/www.studiogera.de\/001\/wp-json\/wp\/v2\/types\/post"}],"author":[{"embeddable":true,"href":"https:\/\/www.studiogera.de\/001\/wp-json\/wp\/v2\/users\/2"}],"replies":[{"embeddable":true,"href":"https:\/\/www.studiogera.de\/001\/wp-json\/wp\/v2\/comments?post=44330"}],"version-history":[{"count":1,"href":"https:\/\/www.studiogera.de\/001\/wp-json\/wp\/v2\/posts\/44330\/revisions"}],"predecessor-version":[{"id":44332,"href":"https:\/\/www.studiogera.de\/001\/wp-json\/wp\/v2\/posts\/44330\/revisions\/44332"}],"wp:featuredmedia":[{"embeddable":true,"href":"https:\/\/www.studiogera.de\/001\/wp-json\/wp\/v2\/media\/44331"}],"wp:attachment":[{"href":"https:\/\/www.studiogera.de\/001\/wp-json\/wp\/v2\/media?parent=44330"}],"wp:term":[{"taxonomy":"category","embeddable":true,"href":"https:\/\/www.studiogera.de\/001\/wp-json\/wp\/v2\/categories?post=44330"},{"taxonomy":"post_tag","embeddable":true,"href":"https:\/\/www.studiogera.de\/001\/wp-json\/wp\/v2\/tags?post=44330"}],"curies":[{"name":"wp","href":"https:\/\/api.w.org\/{rel}","templated":true}]}}