{"id":44333,"date":"2026-09-05T00:10:00","date_gmt":"2026-09-04T22:10:00","guid":{"rendered":"https:\/\/www.studiogera.de\/001\/?p=44333"},"modified":"2026-09-04T22:53:48","modified_gmt":"2026-09-04T20:53:48","slug":"veranstaltungen-am-samstag-161","status":"publish","type":"post","link":"https:\/\/www.studiogera.de\/001\/2026\/09\/05\/veranstaltungen-am-samstag-161\/","title":{"rendered":"VERANSTALTUNGEN AM SAMSTAG"},"content":{"rendered":"\n<p class=\"wp-block-paragraph\">Organisator Hans Thomas Lampert l\u00e4dt von 8 Uhr bis 16 Uhr zum Flohmarkt auf dem Hofwiesenparkplatz ein.<\/p>\n\n\n\n<p class=\"wp-block-paragraph\">Die Freiwillige Feuerwehr Gera-Mitte \u00f6ffnet von 9 Uhr bis 20 Uhr in der Freitagsstra\u00dfe 64 ihre Tore f\u00fcr die ganze Familie und l\u00e4dt zum Feuerwehrfest ein.<\/p>\n\n\n\n<p class=\"wp-block-paragraph\">Am 5. September 2026 wird um 9 Uhr auf dem Tontagebau Gel\u00e4nde Aga-Schellbach der dritte Lauf der Europa-Truck-Trial-Saison 2026 angeblasen. Die Fahrer stellen ihr K\u00f6nnen und ihre Fahrzeuge in anspruchsvollen Sektionen unter Beweis. Das Programm endet um 19.30 Uhr und wird am Folgetag fortgesetzt.<\/p>\n\n\n\n<p class=\"wp-block-paragraph\">Der Kindergarten \u201eSenfkorn\u201c in der Joliot-Curie-Stra\u00dfe 22 veranstaltet von 9 Uhr bis 12 Uhr einen Kindersachenflohmarkt. Angeboten werden Kleidung, Schuhe, Spielzeug, B\u00fccher, Fahrzeuge und sch\u00f6ne Dinge rund ums Kind.<\/p>\n\n\n\n<p class=\"wp-block-paragraph\">Von 9.30 Uhr bis 14.30 Uhr kann im Kultur- und Kongresszentrum die Ausbildungsb\u00f6rse besucht werden. Mehr als\u00a0120 Unternehmen aus Ostth\u00fcringen\u00a0pr\u00e4sentieren dort ihre Ausbildungs- und Karrierem\u00f6glichkeiten.<\/p>\n\n\n\n<p class=\"wp-block-paragraph\">Die f\u00fcnfte Auflage des Nicolaibergfestes beginnt um 10 Uhr mit einem Gottesdienst vor der Kirche St. Salvator. Von 11 Uhr bis 17 Uhr wird rund um den Nicolaiberg ein Stra\u00dfenfest gefeiert. Hierzu gibt es u. a. einen Flohmarkt, Musik und weitere Aktionsst\u00e4nde f\u00fcr die ganze Familie. Ab 17 Uhr wird dann der Abend mit musikalischer Unterst\u00fctzung des Konzertensembles \u201eAlexander\u201c ausklingen.<\/p>\n\n\n\n<p class=\"wp-block-paragraph\">In der Stadtbibliothek werden wieder die Kinderveranstaltungen \u201eWerde zum Legoan\u201c und \u201eB\u00fccher bei\u00dfen nicht\u201c angeboten. Sie beginnen um 10 Uhr bzw. 10.30 Uhr.<\/p>\n\n\n\n<p class=\"wp-block-paragraph\">Bei der Veranstaltung \u201eGeht raus\u201c wird von 14 Uhr bis 24 Uhr auf der Hofwiesenb\u00fchne Elektro-Musik gespielt.<\/p>\n\n\n\n<p class=\"wp-block-paragraph\">Auf dem Sportplatz des SV Rosch\u00fctz, Rudelsburgstra\u00dfe 2 A, wird von 14 Uhr bis 18 Uhr das zweite Bieblacher Sommerfest gefeiert.<\/p>\n\n\n\n<p class=\"wp-block-paragraph\">\u201eMusikgenuss trifft Kaffeeduft\u201c von 15 Uhr bis 18 Uhr im Caf\u00e9 Sweet Note auf dem Nicolaiberg.<\/p>\n\n\n\n<p class=\"wp-block-paragraph\">Das \u201eEnsemble Alexander\u201c l\u00e4dt um 17 Uhr zu einem Sp\u00e4tsommerkonzert in die katholische Kirche St. Elisabeth ein. Unter der Leitung von Alexander K\u00f6hler (Violine) musizieren Julia K\u00f6hler (Gesang, Fl\u00f6te) und J\u00fcrgen Pf\u00fcller (Klavier, Orgel). Der Eintritt ist frei.<\/p>\n\n\n\n<p class=\"wp-block-paragraph\">Die Tanzschule Paunack in der Reichsstra\u00dfe 3 l\u00e4dt von 20 Uhr bis 23 Uhr zum Salsa-Kursus mit Party-Nacht ein.<\/p>\n\n\n\n<p class=\"wp-block-paragraph\">Um 21 Uhr \u00f6ffnet die Diskothek Quisisana, um 22 Uhr der Seven-Club.<\/p>\n","protected":false},"excerpt":{"rendered":"<div class=\"mh-excerpt\"><p>Organisator Hans Thomas Lampert l\u00e4dt von 8 Uhr bis 16 Uhr zum Flohmarkt auf dem Hofwiesenparkplatz ein. Die Freiwillige Feuerwehr Gera-Mitte \u00f6ffnet von 9 Uhr bis 20 Uhr in der Freitagsstra\u00dfe 64 ihre Tore f\u00fcr <a class=\"mh-excerpt-more\" href=\"https:\/\/www.studiogera.de\/001\/2026\/09\/05\/veranstaltungen-am-samstag-161\/\" title=\"VERANSTALTUNGEN AM SAMSTAG\">[&#8230;]<\/a><\/p>\n<\/div>","protected":false},"author":2,"featured_media":26670,"comment_status":"open","ping_status":"open","sticky":false,"template":"","format":"standard","meta":{"footnotes":""},"categories":[16],"tags":[],"class_list":["post-44333","post","type-post","status-publish","format-standard","has-post-thumbnail","category-kurzmitteilungen"],"_links":{"self":[{"href":"https:\/\/www.studiogera.de\/001\/wp-json\/wp\/v2\/posts\/44333","targetHints":{"allow":["GET"]}}],"collection":[{"href":"https:\/\/www.studiogera.de\/001\/wp-json\/wp\/v2\/posts"}],"about":[{"href":"https:\/\/www.studiogera.de\/001\/wp-json\/wp\/v2\/types\/post"}],"author":[{"embeddable":true,"href":"https:\/\/www.studiogera.de\/001\/wp-json\/wp\/v2\/users\/2"}],"replies":[{"embeddable":true,"href":"https:\/\/www.studiogera.de\/001\/wp-json\/wp\/v2\/comments?post=44333"}],"version-history":[{"count":4,"href":"https:\/\/www.studiogera.de\/001\/wp-json\/wp\/v2\/posts\/44333\/revisions"}],"predecessor-version":[{"id":44337,"href":"https:\/\/www.studiogera.de\/001\/wp-json\/wp\/v2\/posts\/44333\/revisions\/44337"}],"wp:featuredmedia":[{"embeddable":true,"href":"https:\/\/www.studiogera.de\/001\/wp-json\/wp\/v2\/media\/26670"}],"wp:attachment":[{"href":"https:\/\/www.studiogera.de\/001\/wp-json\/wp\/v2\/media?parent=44333"}],"wp:term":[{"taxonomy":"category","embeddable":true,"href":"https:\/\/www.studiogera.de\/001\/wp-json\/wp\/v2\/categories?post=44333"},{"taxonomy":"post_tag","embeddable":true,"href":"https:\/\/www.studiogera.de\/001\/wp-json\/wp\/v2\/tags?post=44333"}],"curies":[{"name":"wp","href":"https:\/\/api.w.org\/{rel}","templated":true}]}}