{"id":44342,"date":"2026-09-06T21:12:51","date_gmt":"2026-09-06T19:12:51","guid":{"rendered":"https:\/\/www.studiogera.de\/001\/?p=44342"},"modified":"2026-09-06T21:15:22","modified_gmt":"2026-09-06T19:15:22","slug":"landtagswahl-2026-in-sachsen-anhalt","status":"publish","type":"post","link":"https:\/\/www.studiogera.de\/001\/2026\/09\/06\/landtagswahl-2026-in-sachsen-anhalt\/","title":{"rendered":"LANDTAGSWAHL 2026 IN SACHSEN-ANHALT"},"content":{"rendered":"\n<p class=\"wp-block-paragraph\">Bei der Landtagswahl in Sachsen-Anhalt erreicht die AFD dem Hochrechnungsstand von 21 Uhr zufolge einen Wert von 44 %. Damit erhielte sie 39 Sitze im Landesparlament. F\u00fcr die absolute Mehrheit werden mindestens 42 Sitze ben\u00f6tigt. Gelingt dem BSW ein \u00dcberschreiten der F\u00fcnf-Prozent-H\u00fcrde, entfallen auf die AFD weniger als 42 Sitze. Bei der Forsa-Hochrechnung von 21 Uhr wurden 5 % f\u00fcr das BSW angegeben. Ausschlaggebend sind auch m\u00f6gliche \u00dcberhangmandate. Die CDU muss gro\u00dfe Verluste hinnehmen. Linkspartei, SPD und Gr\u00fcne erreichen 9,1 %, 8,9 % bzw. 8,7 %. Die FDP wird nicht mehr im Parlament vertreten sein.<\/p>\n","protected":false},"excerpt":{"rendered":"<div class=\"mh-excerpt\"><p>Bei der Landtagswahl in Sachsen-Anhalt erreicht die AFD dem Hochrechnungsstand von 21 Uhr zufolge einen Wert von 44 %. Damit erhielte sie 39 Sitze im Landesparlament. F\u00fcr die absolute Mehrheit werden mindestens 42 Sitze ben\u00f6tigt. <a class=\"mh-excerpt-more\" href=\"https:\/\/www.studiogera.de\/001\/2026\/09\/06\/landtagswahl-2026-in-sachsen-anhalt\/\" title=\"LANDTAGSWAHL 2026 IN SACHSEN-ANHALT\">[&#8230;]<\/a><\/p>\n<\/div>","protected":false},"author":2,"featured_media":10673,"comment_status":"open","ping_status":"open","sticky":false,"template":"","format":"standard","meta":{"footnotes":""},"categories":[16],"tags":[],"class_list":["post-44342","post","type-post","status-publish","format-standard","has-post-thumbnail","category-kurzmitteilungen"],"_links":{"self":[{"href":"https:\/\/www.studiogera.de\/001\/wp-json\/wp\/v2\/posts\/44342","targetHints":{"allow":["GET"]}}],"collection":[{"href":"https:\/\/www.studiogera.de\/001\/wp-json\/wp\/v2\/posts"}],"about":[{"href":"https:\/\/www.studiogera.de\/001\/wp-json\/wp\/v2\/types\/post"}],"author":[{"embeddable":true,"href":"https:\/\/www.studiogera.de\/001\/wp-json\/wp\/v2\/users\/2"}],"replies":[{"embeddable":true,"href":"https:\/\/www.studiogera.de\/001\/wp-json\/wp\/v2\/comments?post=44342"}],"version-history":[{"count":4,"href":"https:\/\/www.studiogera.de\/001\/wp-json\/wp\/v2\/posts\/44342\/revisions"}],"predecessor-version":[{"id":44347,"href":"https:\/\/www.studiogera.de\/001\/wp-json\/wp\/v2\/posts\/44342\/revisions\/44347"}],"wp:featuredmedia":[{"embeddable":true,"href":"https:\/\/www.studiogera.de\/001\/wp-json\/wp\/v2\/media\/10673"}],"wp:attachment":[{"href":"https:\/\/www.studiogera.de\/001\/wp-json\/wp\/v2\/media?parent=44342"}],"wp:term":[{"taxonomy":"category","embeddable":true,"href":"https:\/\/www.studiogera.de\/001\/wp-json\/wp\/v2\/categories?post=44342"},{"taxonomy":"post_tag","embeddable":true,"href":"https:\/\/www.studiogera.de\/001\/wp-json\/wp\/v2\/tags?post=44342"}],"curies":[{"name":"wp","href":"https:\/\/api.w.org\/{rel}","templated":true}]}}