{"id":44348,"date":"2026-09-06T22:12:07","date_gmt":"2026-09-06T20:12:07","guid":{"rendered":"https:\/\/www.studiogera.de\/001\/?p=44348"},"modified":"2026-09-06T22:12:09","modified_gmt":"2026-09-06T20:12:09","slug":"verleihung-des-theateroskars-mit-bunter-gala","status":"publish","type":"post","link":"https:\/\/www.studiogera.de\/001\/2026\/09\/06\/verleihung-des-theateroskars-mit-bunter-gala\/","title":{"rendered":"VERLEIHUNG DES THEATEROSKARS MIT BUNTER GALA"},"content":{"rendered":"\n<p class=\"wp-block-paragraph\">Die Stimmen sind ausgez\u00e4hlt und die Troph\u00e4en graviert: Am Sonntag, den 27. September 2026, um 15 Uhr l\u00e4dt der Geraer Theaterverein zu einer bunten Gala in die B\u00fchne am Park Gera ein. Im Mittelpunkt steht dann wieder die Vergabe des begehrten Theateroskars, mit dem die Publikumslieblinge des Theaters Altenburg Gera ausgezeichnet werden.<\/p>\n\n\n\n<p class=\"wp-block-paragraph\">Der Theateroskar geh\u00f6rt seit 1994 zu den festen H\u00f6hepunkten im Vereinsleben. Das Besondere: Nicht nur Vereinsmitglieder, sondern alle Theaterbesucherinnen und -besucher konnten sich am Auswahlverfahren beteiligen und ihre Stimmzettel im Theater abgegeben. Abgestimmt wurde jeweils in den Kategorien \u201ebeliebteste Inszenierung\u201c sowie \u201ebeliebtester K\u00fcnstler\/beliebteste K\u00fcnstlerin\u201c in den Sparten Musiktheater, Sprechtheater, Ballett und Orchester. Dar\u00fcber hinaus werden weitere Auszeichnungen vergeben, darunter ein Innovationspreis, ein Preis f\u00fcr das beste Ensemble und ein Ehrenoskar. Wer am Ende das Rennen macht und die Troph\u00e4en entgegennehmen darf, bleibt bis zur Gala ein gut geh\u00fctetes Geheimnis. Die Verleihung wird von einem unterhaltsamen Programm auf der B\u00fchne begleitet.<\/p>\n\n\n\n<p class=\"wp-block-paragraph\">Theaterbegeisterte, die live miterleben m\u00f6chten, wer in diesem Jahr die Gunst des Publikums gewonnen hat, k\u00f6nnen bei der Gala im Theater dabei sein. Karten sind an der Theaterkasse sowie online erh\u00e4ltlich.<\/p>\n\n\n\n<p class=\"wp-block-paragraph\">QUELLE: THEATER ALTENBURG GERA GGMBH<\/p>\n","protected":false},"excerpt":{"rendered":"<div class=\"mh-excerpt\"><p>Die Stimmen sind ausgez\u00e4hlt und die Troph\u00e4en graviert: Am Sonntag, den 27. September 2026, um 15 Uhr l\u00e4dt der Geraer Theaterverein zu einer bunten Gala in die B\u00fchne am Park Gera ein. Im Mittelpunkt steht <a class=\"mh-excerpt-more\" href=\"https:\/\/www.studiogera.de\/001\/2026\/09\/06\/verleihung-des-theateroskars-mit-bunter-gala\/\" title=\"VERLEIHUNG DES THEATEROSKARS MIT BUNTER GALA\">[&#8230;]<\/a><\/p>\n<\/div>","protected":false},"author":2,"featured_media":44349,"comment_status":"open","ping_status":"open","sticky":false,"template":"","format":"standard","meta":{"footnotes":""},"categories":[15],"tags":[],"class_list":["post-44348","post","type-post","status-publish","format-standard","has-post-thumbnail","category-theater"],"_links":{"self":[{"href":"https:\/\/www.studiogera.de\/001\/wp-json\/wp\/v2\/posts\/44348","targetHints":{"allow":["GET"]}}],"collection":[{"href":"https:\/\/www.studiogera.de\/001\/wp-json\/wp\/v2\/posts"}],"about":[{"href":"https:\/\/www.studiogera.de\/001\/wp-json\/wp\/v2\/types\/post"}],"author":[{"embeddable":true,"href":"https:\/\/www.studiogera.de\/001\/wp-json\/wp\/v2\/users\/2"}],"replies":[{"embeddable":true,"href":"https:\/\/www.studiogera.de\/001\/wp-json\/wp\/v2\/comments?post=44348"}],"version-history":[{"count":1,"href":"https:\/\/www.studiogera.de\/001\/wp-json\/wp\/v2\/posts\/44348\/revisions"}],"predecessor-version":[{"id":44350,"href":"https:\/\/www.studiogera.de\/001\/wp-json\/wp\/v2\/posts\/44348\/revisions\/44350"}],"wp:featuredmedia":[{"embeddable":true,"href":"https:\/\/www.studiogera.de\/001\/wp-json\/wp\/v2\/media\/44349"}],"wp:attachment":[{"href":"https:\/\/www.studiogera.de\/001\/wp-json\/wp\/v2\/media?parent=44348"}],"wp:term":[{"taxonomy":"category","embeddable":true,"href":"https:\/\/www.studiogera.de\/001\/wp-json\/wp\/v2\/categories?post=44348"},{"taxonomy":"post_tag","embeddable":true,"href":"https:\/\/www.studiogera.de\/001\/wp-json\/wp\/v2\/tags?post=44348"}],"curies":[{"name":"wp","href":"https:\/\/api.w.org\/{rel}","templated":true}]}}