{"id":512,"date":"2017-05-07T13:00:58","date_gmt":"2017-05-07T11:00:58","guid":{"rendered":"http:\/\/www.studiogera.de\/001\/?p=512"},"modified":"2017-05-08T02:52:04","modified_gmt":"2017-05-08T00:52:04","slug":"512","status":"publish","type":"post","link":"https:\/\/www.studiogera.de\/001\/2017\/05\/07\/512\/","title":{"rendered":"Neues Wohnviertel in Heinrichsgr\u00fcn"},"content":{"rendered":"<p>Auf einem 2500 Quadratmeter gro\u00dfen Areal an der Lortzingstra\u00dfe entstehen derzeit drei Stadtvillen mit insgesamt 36 Eigentumswohnungen, welche mit einer gemeinsamen Tiefgarage, Aufzug, Balkonen und Terrassen ausgestattet sind. Bautr\u00e4ger ist die Erfurter Firma Tempus Immobilien &#038; Projekt GmbH. Vermarktet werden die Wohnungen \u00fcber die Firma Eigentraum GmbH, welche im M\u00e4rz 2016 ein B\u00fcro am Puschkinplatz 3 er\u00f6ffnete und ihren Stammsitz in Erfurt hat. Bereits seit mehreren Jahren arbeitet sie mit dem Erfurter Bautr\u00e4ger Tempus Immobilien &#038; Projekt GmbH zusammen. <\/p>\n<p>Im Juni 2016 war die Baufl\u00e4che ber\u00e4umt und zehn Jahre alter Schutt abgefahren worden. Der Grundstein wurde im M\u00e4rz 2017 gelegt. Der Bautr\u00e4ger besitzt die gesamte 22 000 Quadratmeter gro\u00dfe Fl\u00e4che zwischen der Stra\u00dfe des Friedens, Tschaikowskistra\u00dfe, Lortzingstra\u00dfe und Heinrich-Sch\u00fctz-Stra\u00dfe. Auf dem Gel\u00e4nde befand sich einst eine Produktionsst\u00e4tte des VEB Wema Union, welche aus der Eisengie\u00dfer- und Maschinenfabrik Karl Wetzel hervorgegangen war.<\/p>\n<p><strong>Weitere Daten zum Gel\u00e4nde (aus \u201eIndustriebauten in Gera\u201c)<\/strong><br \/>\n&#8211; 1877 Firmengr\u00fcndung in gemieteten Geb\u00e4uden, Herstellung von Weberei-, F\u00e4rber- und Dampfmaschinen usw.<br \/>\n&#8211; 1892 und 1905\/1915-1925 Bau des Industriegeb\u00e4udes; Bauherr Karl Wetzel, Architekt Heinrich Drechsel<br \/>\n&#8211; um 1900 Spezialisierung auf horizontale Bohr- und Fr\u00e4smaschinen; Handel bis ins Ausland<br \/>\n&#8211; nach 1918 Freundschaftsvertrag mit Union Chemnitz (Arbeitsteilung durch Spezialisierung)<br \/>\n&#8211; 1921 Beitritt der Firma Collet &#038; Engelhard<br \/>\n&#8211; nach 1945 VEB Wema Union<br \/>\n&#8211; nach 1990 Leerstand<br \/>\n&#8211; nach 1993 Grundst\u00fcckskauf durch Immobiliengesellschaft<br \/>\n&#8211; 1995\/1997 Abbruch (au\u00dfer Verwaltungsgeb\u00e4ude)<\/p>\n","protected":false},"excerpt":{"rendered":"<div class=\"mh-excerpt\"><p>Auf einem 2500 Quadratmeter gro\u00dfen Areal an der Lortzingstra\u00dfe entstehen derzeit drei Stadtvillen mit insgesamt 36 Eigentumswohnungen, welche mit einer gemeinsamen Tiefgarage, Aufzug, Balkonen und Terrassen ausgestattet sind. Bautr\u00e4ger ist die Erfurter Firma Tempus Immobilien <a class=\"mh-excerpt-more\" href=\"https:\/\/www.studiogera.de\/001\/2017\/05\/07\/512\/\" title=\"Neues Wohnviertel in Heinrichsgr\u00fcn\">[&#8230;]<\/a><\/p>\n<\/div>","protected":false},"author":1,"featured_media":513,"comment_status":"open","ping_status":"open","sticky":false,"template":"","format":"image","meta":{"footnotes":""},"categories":[3],"tags":[],"class_list":{"0":"post-512","1":"post","2":"type-post","3":"status-publish","4":"format-image","5":"has-post-thumbnail","7":"category-lokal","8":"post_format-post-format-image"},"_links":{"self":[{"href":"https:\/\/www.studiogera.de\/001\/wp-json\/wp\/v2\/posts\/512","targetHints":{"allow":["GET"]}}],"collection":[{"href":"https:\/\/www.studiogera.de\/001\/wp-json\/wp\/v2\/posts"}],"about":[{"href":"https:\/\/www.studiogera.de\/001\/wp-json\/wp\/v2\/types\/post"}],"author":[{"embeddable":true,"href":"https:\/\/www.studiogera.de\/001\/wp-json\/wp\/v2\/users\/1"}],"replies":[{"embeddable":true,"href":"https:\/\/www.studiogera.de\/001\/wp-json\/wp\/v2\/comments?post=512"}],"version-history":[{"count":2,"href":"https:\/\/www.studiogera.de\/001\/wp-json\/wp\/v2\/posts\/512\/revisions"}],"predecessor-version":[{"id":518,"href":"https:\/\/www.studiogera.de\/001\/wp-json\/wp\/v2\/posts\/512\/revisions\/518"}],"wp:featuredmedia":[{"embeddable":true,"href":"https:\/\/www.studiogera.de\/001\/wp-json\/wp\/v2\/media\/513"}],"wp:attachment":[{"href":"https:\/\/www.studiogera.de\/001\/wp-json\/wp\/v2\/media?parent=512"}],"wp:term":[{"taxonomy":"category","embeddable":true,"href":"https:\/\/www.studiogera.de\/001\/wp-json\/wp\/v2\/categories?post=512"},{"taxonomy":"post_tag","embeddable":true,"href":"https:\/\/www.studiogera.de\/001\/wp-json\/wp\/v2\/tags?post=512"}],"curies":[{"name":"wp","href":"https:\/\/api.w.org\/{rel}","templated":true}]}}