{"id":5737,"date":"2019-01-05T10:17:39","date_gmt":"2019-01-05T09:17:39","guid":{"rendered":"http:\/\/www.studiogera.de\/001\/?p=5737"},"modified":"2019-01-05T10:19:19","modified_gmt":"2019-01-05T09:19:19","slug":"bilanz-und-ausblick-fuer-kuk-comma-naturkunde-museum-bibliothek","status":"publish","type":"post","link":"https:\/\/www.studiogera.de\/001\/2019\/01\/05\/bilanz-und-ausblick-fuer-kuk-comma-naturkunde-museum-bibliothek\/","title":{"rendered":"BILANZ UND AUSBLICK F\u00dcR KUK, COMMA, NATURKUNDEMUSEUM, BIBLIOTHEK"},"content":{"rendered":"\n<p><em>117&#8217;000 Besucher und 247 Veranstaltungen z\u00e4hlte das Kultur- und Kongresszentrum im vergangenen Jahr. Im Comma hatten 235 Veranstaltungen insgesamt rund 20&#8217;000 Besucher. Bis zum 30. November 2018 kamen 10&#8217;411 Besucher in das Schreibersche Haus. Die Bibliothek z\u00e4hlte bis zum 30. November rund 435&#8217;000 Entleihungen. Das sind 11 % mehr als im gleichen Zeitraum 2017. Es kamen mehr als 114&#8217;000 Besucher, und damit 10&#8217;000 mehr als im Vorjahr.<\/em><\/p>\n\n\n\n<p><\/p>\n\n\n\n<p><strong>KULTUR- UND KONGRESSZENTRUM<\/strong><\/p>\n\n\n\n<p>In den vergangenen zw\u00f6lf Monaten hatte das Kultur- und Kongresszentrum rund 117&#8217;000 G\u00e4ste. Von Januar bis Dezember 2018 fanden 247 Veranstaltungen statt, davon 45 Gastspiele, elf Ball- und Partyveranstaltungen sowie 37 Messen- und Ausstellungen. Der Veranstaltungskalender war gut gef\u00fcllt. Bekanntes und Beliebtes, aber auch Neues war im Angebot. Gleich zu Beginn des Veranstaltungsjahres begeisterte Max Raabe mit einem ausverkauften Gastspiel das Publikum. Auch die beiden au\u00dfergew\u00f6hnlichen Shows mit dem schnellsten Illusionist der Welt, Hans Klok, das Konzert des Weltstars Albert Hammond, der das erste Mal in Gera gastierte, und das Konzert der \u00e4ltesten Rockband Osteuropas, Omega, geh\u00f6rten zweifellos zu den Veranstaltungsh\u00f6hepunkten im ersten Halbjahr. <br>Publikumslieblinge wie Manfred Mann&#8217;s Earth Band, Creedence Clearwater Revived, Dieter Nuhr, Katrin Weber &amp; Tom Pauls, Angelo Kelly &amp; Family, Uwe Steimle und das Gesangsduo Fantasy spielten vor ausverkauftem Saal.<br>Neben zahlreichen Gastspielen war das Kultur- und Kongresszentrum auch Veranstaltungsort f\u00fcr Geraer Vereine, Schulen, Gymnasien, Institutionen und Unternehmen. Messen und Ausstellungen, die sich \u00fcber Jahre im KUK etablieren konnten, bereicherten auch in diesem Jahr das Veranstaltungsangebot und trugen mit wachsenden Besucherzahlen zu einer guten Auslastung des Hauses bei. Ihren festen Platz im Veranstaltungskalender haben dabei die &#8222;Tattoo &amp; Piercing Messe&#8220;, der &#8222;Geraer Autofr\u00fchling&#8220;, die &#8222;Ostth\u00fcringer Studienmesse&#8220;, die &#8222;Mineralien- und Fossilienb\u00f6rse&#8220;, der &#8222;Geraer Herztag&#8220;, die Modelleisenbahnausstellung und die Messe &#8222;Gera Wohnen&#8220;. Unter dem Motto \u201e\u00dcbernimm die Regie\u201c fand die VII. Geraer Ausbildungsb\u00f6rse mit 3300 Besuchern statt, bei der 120 Unternehmen aus Gera und der Region \u00fcber ihre Ausbildungsberufe informierten.<br>Dass die Geraer im KuK auch gern ausgelassen feiern, l\u00e4sst sich anhand der Besucherzahlen der seit diesem Jahr hauseigenen \u00fc-30-Party, Frauentags-Party, der Abib\u00e4lle, von Vereins- und Firmenfeiern und dem traditionellen Silvesterball belegen. <\/p>\n\n\n\n<p>Ziel ist es, die Besucherzahlen im neuen Jahr weiter deutlich zu steigern. Das Jahr 2019 beginnt im KuK mit Schlager, Musical und Komik. Das KUK ist 2019 mit derzeit 55 Gastspielen, mit festen Terminen f\u00fcr Messen, Ausstellungen und f\u00fcr gesellschaftliche Ereignisse bereits gut gebucht. Das Interesse deutschlandweit agierender Veranstaltungsagenturen am KUK nimmt dank intensiver Marketingaktivit\u00e4ten wieder zu.<br><\/p>\n\n\n\n<p>Dieter \u201eMaschine\u201c Birr er\u00f6ffnet gemeinsam mit seinen G\u00e4sten Kerstin Ott und Thomas K\u00fcnzel am 6. Januar mit \u201eAlle Jahre wieder \u2026\u201c die Spielzeit 2019. Obwohl \u201eMaschine\u201c, Kerstin Ott und Tobias K\u00fcnzel jeweils einer anderen Generation entstammen sowie einen anderen musikalischen Background haben, weisen ihre Karrieren eine starke Parallele auf: alle drei begegnen ihrem Publikum auf Augenh\u00f6he. <br>Am 12. Januar k\u00f6nnen G\u00e4ste Da Rookies in \u201eDer Nussknacker\u201c erleben. Klassik trifft auf Breakdance in einem der wohl bekanntesten Theaterst\u00fccke der Welt. <br> Im n\u00e4chsten Jahr werden in Gera auch wieder namhafte Comediens zu Gast sein. Den Start \u00fcbernimmt Chris Tall mit seinem Programm \u201eUnd jetzt ist Papa dran!\u201c. Aber auch durch J\u00fcrgen von der Lippe, Ilka Bessin, Markus Krebs und Katrin Weber werden im Laufe des Jahres die Lachmuskeln des Publikums strapaziert. <br>F\u00fcr jedes Alter und jeden Geschmack wird etwas geboten. So werden f\u00fcr die j\u00fcngeren Besucher das Musical von \u201ePinocchio\u201c, der \u201eSchneek\u00f6nigin\u201c, das indianerstarke Musical \u201eYakari\u201c, \u201eFeuerwehrmann SAM\u201c und zum Ende des Jahres das brandneue Musical \u201eDie Weihnachtsb\u00e4ckerei\u201c die Kinderaugen zum Strahlen bringen. Die Egerl\u00e4nder Musikanten, die Original Hoch- und Deutschmeister, Stefan Mross mit \u201e\u2026immer wieder sonntags \u2026\u201c die \u201eSchlager-Hitparade\u201c und Nik P. lassen die Herzen der Fans der volkst\u00fcmlichen Musik und des Schlagers h\u00f6her schlagen. <br>Zu den H\u00f6hepunkten z\u00e4hlt in diesem Jahr der Auftritt von Luke Mockrigde, der 2018 erneut mit dem Deutschen Fernsehpreis und dem Bambi ausgezeichnet wurde. Weitere H\u00f6hepunkte sind die neue Show von Maite Kelly \u201eDie Liebe siegt sowieso\u201c und das Konzert von Barlay James Harvest im April 2019.<br>Erstmalig im KUK ist das Musical um Doris Day \u201eDay by Day\u201c, in dem Angelika Milster mit ihrer unverkennbaren Stimme die Lieder von Doris Day singt. Das karibische Tanzmusical \u201eHavana Nights\u201c wird mit 28 hochkar\u00e4tigen K\u00fcnstlern die Botschaft der Lebensfreude und guten Laune Kubas nach Gera tragen. Und der Superstar der wilden 50er und 60er Jahre, Peter Kraus, wird mit seiner gro\u00dfen Jubil\u00e4umstour zu Gast sein.<br>Dies ist nur ein kleiner Einblick in die neue Spielzeit 2019. Um keine Veranstaltung zu verpassen, lohnt sich ein Blick auf die Internet-Seite des Kultur- und Kongresszentrums unter:&#8220;www.veranstaltungen-in-gera.de&#8220;.<\/p>\n\n\n\n<p><strong>KLUBZENTRUM COMMA<\/strong><\/p>\n\n\n\n<p>Nachdem 2016 das Haus wieder in st\u00e4dtische Hand gelang, stand die Wiederbelebung der Veranstaltungsst\u00e4tte an erster Stelle. Schaut man auf das Jahr 2018 zur\u00fcck, so ist dies gut gelungen, denn mit ca. 235 Veranstaltungen und rund 20&#8217;000 Besuchern kann sich \u201edie kleine Schwester\u201c des KUK sehen lassen. Dabei wurde 2018 auf Altbew\u00e4hrtes, wie Konzerte, Tanzabende, Lesungen, Vortr\u00e4ge, Kabarettabende, Dia-Multivisionsshows, Comedy-Veranstaltungen und Filmabende gesetzt. Einen gro\u00dfen Anteil haben im Haus aber auch Schulveranstaltungen, Tagungen, Betriebsversammlungen, Informationsabende, Abiturientenb\u00e4lle, Hochzeiten, Weihnachtsfeiern und Vereinsveranstaltungen unterschiedlichster Art. <br> Veranstaltungsh\u00f6hepunkte waren zweifellos das Konzert mit \u201eGoitzsche Front\u201c. Ein ebenfalls ausverkauftes Haus gab es bei dem beliebten Kriminalbiologen Dr. Mark Benecke, welcher aufgrund der gro\u00dfen Nachfrage 2019 erstmalig im KuK gastieren wird. Genauso wird Markus Krebs, der dieses Jahr f\u00fcr einen regelrechten Lachmarathon im ausverkauften Comma sorgte, 2019 im gro\u00dfen KuK zu Gast sein. Hier zeigt sich wieder, dass die Symbiose zwischen dem gro\u00dfen KUK und dem kleinen Comma geradezu perfekt ist.<br>Felix Lobrecht, Wladimir Kaminer, der Heinz Ehrhardt Abend mit Hans-Joachim Heist, die grandiose AC\/DC-Coverband Spejbls Helprs, Purple Callas &#8211; eine der besten Deep Purple Tribute-Bands, die Notendealer, Pittiplatsch und seine Freunde sowie das Kabarett \u201eSchwarze Gr\u00fctze\u201c sorgten ebenso f\u00fcr ein volles Haus, wie Abib\u00e4lle, Versammlungen und Betriebsfeiern.<br>Der seit 1991 ans\u00e4ssige Filmclub Comma e. V. ist wichtiger Bestandteil des Comma-Programmangebotes. Mit dem \u201eetwas anderen\u201c Film bereichert der Verein das Gesamtangebot des Hauses, beschert Filminteressierten nicht nur interessante, bewegende Filmabende sondern l\u00e4dt regelm\u00e4\u00dfig zu Filmdiskussionen mit Regisseuren und Schauspielern ein. <br>Auch f\u00fcr Kindertagesst\u00e4tten und Schulen ist der Filmclub ein beliebtes Anlaufziel f\u00fcr die Freizeitgestaltung in den Einrichtungen. Besonders in den Ferien und in der Weihnachtszeit sind die kleinen Besucher zu Scharen im Haus. <\/p>\n\n\n\n<p>Auch f\u00fcr 2019 hat die Abwechslung im Programm oberste Priorit\u00e4t, also das Verh\u00e4ltnis zwischen bekannten K\u00fcnstlern aus Musik, Kabarett und Comedy, nationalen und internationalen Nachwuchsk\u00fcnstlern und nicht \u00f6ffentlichen Einmietungen f\u00fcr Vereine, Verb\u00e4nde und Betriebe.<br>So stellt Thilo Sarrazin gleich im Januar sein neues Buch vor und stellt sich den Fragen des Publikums. Der bekannte Bad Reichenhaller Liedermacher Hans S\u00f6llner folgt im gleichen Monat. In seinen Liedern, macht er im urbayrischen Dialekt auf die vielen Missst\u00e4nde in der Welt aufmerksam, prangert Politik und Wirtschaft an und dies in einer einzigartigen, sehr direkten Art, die seinesgleichen sucht. <br> Weiter geht es mit \u201eGundermann \u2013 der Film und einen Tag sp\u00e4ter gibt es eine musikalische Hommage an den beliebten Rockpoeten und Baggerfahrer Gerhard Gundermann mit seiner \u201eSeilschaft\u201c. <br>Dia-Multivisionsshows \u00fcber Island, die gesamte Ostsee oder Schlesien laden in Bild und Ton auf Reisen ein. <br>Mit Mundstuhl, Felix Lobrecht, der Postillon, Gerd Dudenh\u00f6ffer, Wladimir Kaminer, einem Heinz-Ehrhardt Abend, Helene Bockhorst, Willy Astor, Jonas Greiner, Walter Plathe, Cavewoman oder der Travestie-Show werden wieder die Lachmuskeln strapaziert. Gerockt wird im Comma u. a. bei Heldmaschine, Spejbls Helprs, Purple Callas, Debauchery u. v. m. \u201eSorgenkind\u201c und irish-folk mit Cat stehen genauso im Programm. Puppenspiel f\u00fcr Kinder, Buchlesung mit Gregor Gysi, Schlagerabende, Vortr\u00e4ge zu aktuellen Themen, After Work Party, die Loft Party, meet my friends u.u.u. runden das Programm ab. <br>Auch mit Hochzeiten, Abiturientenb\u00e4lle, Betriebsfeiern, Weiterbildungsveranstaltungen und Vereinsabenden ist der Kalender f\u00fcr 2019 schon gut gef\u00fcllt.<br> Die Planung ist noch im vollen Gange und somit k\u00f6nnen sich die G\u00e4ste auf noch viele kleine und gro\u00dfe H\u00f6hepunkte freuen. Das Comma ist und bleibt ein ganz wichtiger Bestandteil der Kulturlandschaft der Stadt Gera. Es deckt in Gr\u00f6\u00dfe und Angebot eine individuelle Nische an Veranstaltungen f\u00fcr ein breites Publikum.<\/p>\n\n\n\n<p><strong>MUSEUM F\u00dcR NATURKUNDE<\/strong><\/p>\n\n\n\n<p>Das Museum f\u00fcr Naturkunde Gera blickt auf ein abwechslungsreiches Jahr 2018 zur\u00fcck. Bis zum 30. November 2018 kamen 10&#8217;411 Besucher in das Schreibersche Haus. Zum gleichen Zeitpunkt 2017 waren es 10&#8217;342 Besucher. Damit zeigt sich ein kontinuierliches Besucherinteresse an den naturkundlichen Ausstellungen, die das Museum auch 2018 geboten hat:<br>Als wechselnde Ausstellungen wurden zu Jahresanfang noch \u201eExotische Fr\u00fcchte auf einem Wochenmarkt\u201c, \u201eTitan \u2013 ein besonderes Metall und seine Minerale\u201c und \u201eB\u00e4ume in Gera\u201c gezeigt und im weiteren Verlauf des Jahres abgel\u00f6st von \u201eViolettes Gold \u2013 Amethyst-Kristalle aus sechs Kontinenten\u201c, \u201e13. Ostereiermarkt Gera\u201d, \u201eSchottland \u2013 Land der Saurier, Kilts und Lochs\u201c, \u201eErfolgsgeschichten der Evolution \u2013 Organismen heute und vor Jahrmillionen\u201c, \u201eSteinreich \u2013 Minerale aus dem Stadtgebiet von Gera\u201c und \u201e100 Jahre Ernst Haeckel \u2013 Meilensteine der Evolutionsforschung\u201c. Dar\u00fcber hinaus war das Museum f\u00fcr Naturkunde zu Jahresanfang 2018 mit einer geologischen Ausstellung Gast im Kunstpavillon des Hofwiesenparks Gera. <br>Zu den H\u00f6hepunkten z\u00e4hlten die Ostereiermarkttage am 17. und 18. M\u00e4rz 2018 mit 761 Besuchern und die Geraer Museumsnacht mit einem breiten Programm von der Whisky-Rundreise mit Verkostung, Dudelsack-Kl\u00e4ngen mit Karsten Reichelt von Barbarossa Pipes &amp; Drums Sangerhausen bis zu den Highland Games \u201emini\u201c inklusive Hufeisen-Zielwurf. Zum ersten Mal war das Museum f\u00fcr Naturkunde Gastgeber f\u00fcr die Verleihung des Karl-von-Frisch-Preises. Der Preis wird j\u00e4hrlich vom Verband Biologie, Biowissenschaften und Biomedizin Deutschland (VBIO) an Sch\u00fclerinnen und Sch\u00fcler der Abiturjahrg\u00e4nge vergeben. Der Landesverband Th\u00fcringen w\u00fcrdigt damit herausragende Leistungen auf dem Gebiet der Biologie. <br>Auch die Bildungsarbeit des Museums f\u00fcr Naturkunde blieb auf konstant hohem Niveau, denn bis Ende November 2018 kamen 3791 Vorsch\u00fcler und Sch\u00fcler im Rahmen museumsp\u00e4dagogischer Angebote in das Schreibersche Haus. Diese stolze Zahl teilt sich auf 216 Gruppen auf. Au\u00dferdem fanden bis Ende November 15 Veranstaltungen und F\u00fchrungen f\u00fcr angemeldete Gruppen und 32 \u00f6ffentliche F\u00fchrungen und Veranstaltungen statt. Den Gro\u00dfteil bildeten dabei die regelm\u00e4\u00dfigen Ferienprogramme wie zum Beispiel \u201eVon Eremiten und \u00c4pfeln\u201c in den Herbstferien 2018 in Kooperation mit der Naturforschenden Gesellschaft Altenburg.<\/p>\n\n\n\n<p><strong>STADT- UND REGIONALBIBLIOTHEK<\/strong><\/p>\n\n\n\n<p>Sind Bibliotheken in Zeiten des digitalen Wandels \u00fcberhaupt noch gefragt? Eine Diskussion, die im zur\u00fcckliegenden Jahr nicht nur in Fachkreisen gef\u00fchrt wurde, auch zahlreiche Medien griffen dieses Thema auf. Die statistischen Zahlen der Stadt- und Regionalbibliothek Gera sprechen f\u00fcr sich: <br>Mehr Besucher und auch mehr Entleihungen kann die Geraer Bibliothek 2018 verzeichnen, und bleibt damit auch in diesem Jahr eine der am meisten frequentierten Kultureinrichtung der Stadt. Insgesamt z\u00e4hlte die Bibliothek bis zum 30. November rund 435&#8217;000 Entleihungen &#8211; 11 % mehr als im gleichen Zeitraum 2017 &#8211; und mehr als 114&#8217;000 Besucher &#8211; 10&#8217;000 mehr als im Vorjahr. <br>Aktuelle Sachb\u00fccher und vielgefragte Romane, H\u00f6rb\u00fccher, Musik-CDs und neue Spielfilme auf DVD erwarten die Besucher. Rund 10&#8217;000 Medien hat die st\u00e4dtische Einrichtung im zur\u00fcckliegenden Jahr neu erworben. Knapp zwei Drittel des Medienetats und der durch den Freistaat Th\u00fcringen bereitgestellten F\u00f6rdermittel wurden f\u00fcr Sachb\u00fccher und Romane sowie f\u00fcr die Kinderbibliothek ausgegeben. Besonders gef\u00f6rdert wurden in diesem Jahr Medien im Sachbereich lebenslanges Lernen, f\u00fcr die Generation 50plus und unter dem Motto \u201eBibliotheken sind bunt\u201c B\u00fccher, CDs und Filme, welche die Vielfalt in der Gesellschaft und besonders in unserer Region widerspiegeln. Neu angeboten werden seit diesem Jahr auch Spiele f\u00fcr PlayStation 4 und Nintendo Switch. Neue Medientr\u00f6ge erm\u00f6glichen eine bessere Pr\u00e4sentation von H\u00f6rb\u00fcchern, Filmen und elektronischen Spielen und erleichtern Nutzern die Auswahl und den Zugriff. F\u00fcr die Kinderbibliothek konnte zudem im Rahmen eines Projekts des F\u00f6rdervereins &#8222;Buch &amp; Leser&#8220; ein &#8222;Kamishibai&#8220; &#8211; Bilderbuch-Erz\u00e4hl-Theater zur Sprachf\u00f6rderung von Kindern im Vorschulalter erworben werden, finanziell unterst\u00fctzt durch die Stadt Gera aus Mitteln der Kulturf\u00f6rderung. <br>Schon den J\u00fcngsten B\u00fccher und Bibliotheken nahe zu bringen, war und ist ein Schwerpunkt der Bibliotheksarbeit. Kindertagesst\u00e4tten und Schulen geh\u00f6ren daher zu den festen Partnern der Bibliothek. An rund 250 altersgerecht gestalteten Bibliothekseinf\u00fchrungen, Lesungen und Themenveranstaltungen im Stammhaus am Puschkinplatz und in der Stadtteilbibliothek Lusan nahmen insgesamt 4560 Kinder teil. W\u00e4hrend bei den Vorschulkindern das Vorlesen einen wichtigen Raum einnimmt, bietet die Kinderbibliothek f\u00fcr Grundschulen und weiterf\u00fchrende Schulen auch Veranstaltungen an, bei denen ein i-Pad-Koffer mit zehn Ger\u00e4ten zum Einsatz kommt. Mit ausgesuchten Geschichten-Applikationen oder Lern-, Quiz-, Wissens- und Kreativ-Applikationen k\u00f6nnen die Teilnehmer unter Anleitung eine Mischform aus Lesen und Gaming ausprobieren. Spielerisch wird so Medienkompetenz vermittelt. <br> Vielf\u00e4ltige Veranstaltungen lockten 2018 zahlreiche Besucher in die Bibliothek, darunter der monatlich stattfindende &#8222;Treffpunkt Bibliothek&#8220;, der Geraer B\u00fccherfr\u00fchling, Autorenlesungen, Buchgespr\u00e4che und Themenveranstaltungen unter anderem mit Lothar Schirmer, Sascha Lange, Ingo Schulze, Andreas Speit, Peggy Patzschke, Tatjana Meissner, Landolf Scherzer sowie regionalen Autoren und K\u00fcnstlern. Auf reges Interesse stie\u00dfen die Multimediapr\u00e4sentationen von Secret Earth und Michael Rischer. Auch \u00bbMagazin\u00ab-Kolumnisten Stefan Schwarz sorgte mit seiner Lesung \u00bbAls M\u00e4nner noch nicht in Betten starben\u00ab im Dezember noch einmal f\u00fcr ein ausverkauftes Haus. Zu den Ausstellungsh\u00f6hepunkten z\u00e4hlten die Pr\u00e4sentation zum Malwettbewerb \u00bbDer Spatz in seinem Nest\u00ab, die Ausstellung \u00bbVon Mensch zu Mensch. Ich habe einen Namen\u00ab mit Portr\u00e4ts von Gefl\u00fcchteten, die Jugendkunstausstellung \u00bbBildber\u00fchrung\u00ab und die noch bis 11. Januar zu sehende k\u00fcnstlerische Auseinandersetzung von Kunstkurssch\u00fclern des Rutheneums mit Werken des Malers Otto Dix erg\u00e4nzt durch Arbeiten des K\u00fcnstlers und Lehrers Frank Lohse unter dem Motto \u00bbgedixt\u00ab. <br>Das Veranstaltungsjahr in der Bibliothek beginnt am Dienstag, dem 8. Januar um 17 Uhr, mit dem Treffpunkt Bibliothek&#8220;. Thomas Seidel l\u00e4dt ein zu \u00bbIsland: Land aus Feuer und Eis\u00ab &#8211; ein Reisebericht in Wort und Bild. Die wilde Insel im Nordatlantik gelegen ist weltber\u00fchmt f\u00fcr ihre einzigartige Natur. Die meiste Zeit des Jahres kalt, karg und dunkel, hat Island dennoch f\u00fcr Naturliebhaber viel Einzigartiges zu bieten. Beindruckende Fotografien und Naturaufnahmen dokumentieren den Reiseverlauf und zeigen einige der Highlights jedes Islandurlaubs. Ab 14. Januar zeigt eine Doppelausstellung zum einen den fotografischen Jahresr\u00fcckblick der Bibliothek, der erinnert an G\u00e4ste, Projekte und Veranstaltungen 2018, und zum anderen werden Entw\u00fcrfe von k\u00fcnftigen Gestaltungstechnischen Assistenten der T\u00dcV Rheinland Berufsfachschule f\u00fcr eine neue \u00bbLese-Oase\u00ab im Bibliotheksfoyer pr\u00e4sentiert. Am 23. Januar um 18 Uhr stellt Michael Kirchschlager sein begleitend zu einer Ausstellung auf Burg Kapellendorf erschienenes, reich bebildertes Buch \u00bbTeuflisches Werkzeug: Th\u00fcringer Burgen im Krieg\u00ab in der Bibliothek vor. Das heutige Bild der umk\u00e4mpften Burg ist zum gro\u00dfen Teil gepr\u00e4gt von der Romantik des 19. Jahrhunderts, von Ritterromanen und sp\u00e4teren Abenteuerfilmen. Was aber geschah damals wirklich? Der Verleger und Historiker Michael Kirchschlager beschreibt Taktiken und Kriegslisten, erkl\u00e4rt Funktionsweisen rekonstruierter Kriegsmaschinen und erz\u00e4hlt von spektakul\u00e4ren Burgbelagerungen.<\/p>\n\n\n\n<p>Weitere interessante Veranstaltungen sind bereits fest geplant: Am 5. Februar um 17 Uhr berichtet der Verein Leipzig &#8211; Br\u00fccke der Kulturen e. V. in seinem Bildvortrag \u00bbVon Leipzig in Sachsen nach Leipzig im Ural\u00ab von einer besonderen St\u00e4dtepartnerschaft. Am 20. Februar um 19.30 Uhr gew\u00e4hrt Michi M\u00fcnzberg in der Multivisionsshow \u00bbNepal. Unter den Augen Buddhas\u00ab auf unterhaltsame und humorvolle Art tiefe Einblicke in eine beeindruckende Kultur. Zur Er\u00f6ffnung des Geraer B\u00fccherfr\u00fchlings 2019 am Mittwoch, dem 13. M\u00e4rz um 19.30 Uhr, pr\u00e4sentiert der Schauspieler und S\u00e4nger Rudi Rhode sein literarisches Musikprojekt \u00bbBob Dylan: Denn die Zeiten \u00e4ndern sich\u00ab, welches das spannende Leben und Schaffen des S\u00e4ngers chronologisch dargestellt. Theaterszenen und Originaleinspielungen wechseln ab mit live dargebotenen Songs, die extra f\u00fcr diese Produktion akribisch und aufwendig ins Deutsche \u00fcbersetzt wurden. Dieser Abend verdeutlicht einmal mehr, warum Bob Dylan den Nobelpreis f\u00fcr Literatur verliehen bekommen hat! <br> Derzeit besch\u00e4ftigt man sich in der Geraer Bibliothek intensiv mit der Frage nach Aufgabe und Bedeutung der Einrichtung in der Zukunft. Ein neues Bibliothekskonzept f\u00fcr die n\u00e4chsten sechs Jahre ist im Entstehen, intensiv wurde in den vergangenen Monaten daran gearbeitet. Auch ein Arbeitsbesuch in der Gothaer Bibliothek brachte neue Anregungen f\u00fcr die zuk\u00fcnftige Bibliotheksarbeit. Schwerpunkt wird sein, Printmedien und digitale Angebote zu verkn\u00fcpfen, ein weiterer Medien- und Recherchekompetenz zu bieten. Dar\u00fcber hinaus will man Veranstaltungsort, Kommunikationszentrum und Treffpunkt sein. Die Auszeichnung mit dem Th\u00fcringer Bibliothekspreis 2017 zeigte, dass man auf dem richtigen Weg ist, nun geht es darum, weiterhin konsequent daran zu arbeiten, Wissens- und Kulturzentrum zu sein.<\/p>\n\n\n\n<p><\/p>\n\n\n\n<p>QUELLE: STADTVERWALTUNG<\/p>\n","protected":false},"excerpt":{"rendered":"<div class=\"mh-excerpt\"><p>117&#8217;000 Besucher und 247 Veranstaltungen z\u00e4hlte das Kultur- und Kongresszentrum im vergangenen Jahr. Im Comma hatten 235 Veranstaltungen insgesamt rund 20&#8217;000 Besucher. Bis zum 30. November 2018 kamen 10&#8217;411 Besucher in das Schreibersche Haus. Die <a class=\"mh-excerpt-more\" href=\"https:\/\/www.studiogera.de\/001\/2019\/01\/05\/bilanz-und-ausblick-fuer-kuk-comma-naturkunde-museum-bibliothek\/\" title=\"BILANZ UND AUSBLICK F\u00dcR KUK, COMMA, NATURKUNDEMUSEUM, BIBLIOTHEK\">[&#8230;]<\/a><\/p>\n<\/div>","protected":false},"author":2,"featured_media":5738,"comment_status":"open","ping_status":"open","sticky":false,"template":"","format":"standard","meta":{"footnotes":""},"categories":[8],"tags":[],"class_list":{"0":"post-5737","1":"post","2":"type-post","3":"status-publish","4":"format-standard","5":"has-post-thumbnail","7":"category-kultur"},"_links":{"self":[{"href":"https:\/\/www.studiogera.de\/001\/wp-json\/wp\/v2\/posts\/5737","targetHints":{"allow":["GET"]}}],"collection":[{"href":"https:\/\/www.studiogera.de\/001\/wp-json\/wp\/v2\/posts"}],"about":[{"href":"https:\/\/www.studiogera.de\/001\/wp-json\/wp\/v2\/types\/post"}],"author":[{"embeddable":true,"href":"https:\/\/www.studiogera.de\/001\/wp-json\/wp\/v2\/users\/2"}],"replies":[{"embeddable":true,"href":"https:\/\/www.studiogera.de\/001\/wp-json\/wp\/v2\/comments?post=5737"}],"version-history":[{"count":2,"href":"https:\/\/www.studiogera.de\/001\/wp-json\/wp\/v2\/posts\/5737\/revisions"}],"predecessor-version":[{"id":5740,"href":"https:\/\/www.studiogera.de\/001\/wp-json\/wp\/v2\/posts\/5737\/revisions\/5740"}],"wp:featuredmedia":[{"embeddable":true,"href":"https:\/\/www.studiogera.de\/001\/wp-json\/wp\/v2\/media\/5738"}],"wp:attachment":[{"href":"https:\/\/www.studiogera.de\/001\/wp-json\/wp\/v2\/media?parent=5737"}],"wp:term":[{"taxonomy":"category","embeddable":true,"href":"https:\/\/www.studiogera.de\/001\/wp-json\/wp\/v2\/categories?post=5737"},{"taxonomy":"post_tag","embeddable":true,"href":"https:\/\/www.studiogera.de\/001\/wp-json\/wp\/v2\/tags?post=5737"}],"curies":[{"name":"wp","href":"https:\/\/api.w.org\/{rel}","templated":true}]}}