{"id":6110,"date":"2019-02-01T06:01:33","date_gmt":"2019-02-01T05:01:33","guid":{"rendered":"http:\/\/www.studiogera.de\/001\/?p=6110"},"modified":"2022-02-27T15:04:43","modified_gmt":"2022-02-27T14:04:43","slug":"sorgen-vor-globalen-wirtschafts-und-finanzproblemen","status":"publish","type":"post","link":"https:\/\/www.studiogera.de\/001\/2019\/02\/01\/sorgen-vor-globalen-wirtschafts-und-finanzproblemen\/","title":{"rendered":"SORGEN VOR GLOBALEN WIRTSCHAFTS- UND FINANZPROBLEMEN"},"content":{"rendered":"\n<p>Urspr\u00fcnglich hatte das Federal-Reserve-System der USA in diesem Jahr zwei weitere Erh\u00f6hungen des Leitzinses geplant, doch nun wird davon Abstand genommen. Die Wirtschaft der USA w\u00e4chst zwar weiter und es entstehen neue Arbeitspl\u00e4tze, doch die Anzeichen f\u00fcr ein Nachlassen der Konjunktur mehren sich. Es wird damit gerechnet, dass die weltweite Wachstumsschw\u00e4che auch die USA erfassen wird. Die FED als wichtigstes Zentralbanksystem der Welt nimmt deshalb eine abwartende Haltung ein und Kredite werden dadurch vorerst nicht teurer.<\/p>\n\n\n\n<p>Als Risiko werden internationale Handelskonflikte und die wirtschaftliche Situation in China angesehen, sowie die Situation um das Vereinigte K\u00f6nigreich Gro\u00dfbritannien und Nordirland.<\/p>\n\n\n\n<p>Die EZB hat nicht mehr die M\u00f6glichkeit, regulierend mit dem Leitzins bei einer wirtschaftlichen Schw\u00e4chephase einzugreifen. Denn dieser liegt seit dem 10. M\u00e4rz 2016 bei 0,0 %. Eine Erh\u00f6hung w\u00fcrde Kredite verteuern und sowohl einige Unternehmen als auch im Vergleich zur Wirtschaftsleistung hochverschuldete Staaten wie Italien in Schwierigkeiten bringen. Dort hatte sich das Bruttoinlandsprodukt in den letzten beiden Quartalen bereits verringert. Das Land befindet sich damit in einer Rezession, und die Folgeerscheinungen k\u00f6nnten die EU enorm belasten. In den vergangenen Jahren hatte die EZB zur St\u00fctzung der Konjunktur auch Wertpapiere gekauft, diese T\u00e4tigkeit aber Ende 2018 beendet.<\/p>\n\n\n\n<p>Es gibt Anhaltspunkte daf\u00fcr, dass mehr als nur eine leichte Schw\u00e4chephase erwartet wird: Im vergangenen Jahr 2018 erh\u00f6hten die Zentralbanken ihre Goldbest\u00e4nde deutlich und kauften weltweit zusammen gut 650 Tonnen f\u00fcr ihre Reserven, wie die Lobbyorganisation Goldratt am 31. Januar 2019 meldete. Im Vergleich zum Jahr 2017 war das ein deutlicher Zuwachs von 74 % und die gr\u00f6\u00dfte Goldnachfrage seit fast 50 Jahren. Das Edelmetall wird vorwiegend als Absicherung gegen den US-Dollar und Reserve f\u00fcr Krisenzeiten verwendet. Zu den gr\u00f6\u00dften K\u00e4ufern geh\u00f6rt die Russische F\u00f6deration; die dortige Zentralbank baut ihre Best\u00e4nde an US-Staatsanleihen ab und sieht den US-Dollar als Risiko. Gr\u00fcnde sind, aus Sicht Russlands, neben den Versuchen der Einflussnahme die weltweit zunehmenden Schulden und das hohe US-Haushaltsdefizit. Denn die g\u00e4ngige Methode der Staaten, sich ihrer Schulden zu entledigen, sei die Entwertung des Geldes. Das wiederum w\u00fcrde den Wert des Goldes steigern. Seit Ende September 2018 ist bereits ein deutlicher Anstieg des Goldpreises zu beobachten.<\/p>\n\n\n\n<p>Die Goldreserven der Zentralbanken mit Stand Dezember 2018 sind nachfolgend in Tonnen aufgef\u00fchrt, daneben der Anteil des Goldes an den W\u00e4hrugsreserven, gem\u00e4\u00df den Angaben des &#8222;World Gold Council&#8220;.<\/p>\n\n\n\n<ul class=\"wp-block-list\"><li>USA: 8133,46 Tonnen; 75 %<\/li><li>Deutschland: 3369,7 Tonnen; 70,2 %<\/li><li>Internationaler W\u00e4hrungsfons: 2841 Tonnen<\/li><li>Italien: 2451,8 Tonnen; 67,5 %<\/li><li>Frankreich: 2436 Tonnen; 64,9 %<\/li><li>Russland: 2066,2 Tonnen; (18 %)<\/li><li>China: 1842,6 Tonnen; 2,4 %<\/li><li>Schweiz: 1040 Tonnen; 5,4 %<\/li><li>Japan: 765,2 Tonnen; 2,5 %<\/li><li>Niederlande: 612,5 Tonnen; 66,3 %<\/li><li>Indien: 592 Tonnen; 5,6 %<\/li><li>Europ\u00e4ische Zentralbank: 504,8 Tonnen; 28,2 %<\/li><\/ul>\n\n\n\n<p>Die Goldreserven der L\u00e4nder der europ\u00e4ischen W\u00e4hrungsunion liegen zusammen bei \u00fcber 10&#8217;000 Tonnen.<\/p>\n","protected":false},"excerpt":{"rendered":"<div class=\"mh-excerpt\"><p>Urspr\u00fcnglich hatte das Federal-Reserve-System der USA in diesem Jahr zwei weitere Erh\u00f6hungen des Leitzinses geplant, doch nun wird davon Abstand genommen. Die Wirtschaft der USA w\u00e4chst zwar weiter und es entstehen neue Arbeitspl\u00e4tze, doch die <a class=\"mh-excerpt-more\" href=\"https:\/\/www.studiogera.de\/001\/2019\/02\/01\/sorgen-vor-globalen-wirtschafts-und-finanzproblemen\/\" title=\"SORGEN VOR GLOBALEN WIRTSCHAFTS- UND FINANZPROBLEMEN\">[&#8230;]<\/a><\/p>\n<\/div>","protected":false},"author":2,"featured_media":6112,"comment_status":"open","ping_status":"open","sticky":false,"template":"","format":"standard","meta":{"footnotes":""},"categories":[4],"tags":[],"class_list":{"0":"post-6110","1":"post","2":"type-post","3":"status-publish","4":"format-standard","5":"has-post-thumbnail","7":"category-wirtschaft"},"_links":{"self":[{"href":"https:\/\/www.studiogera.de\/001\/wp-json\/wp\/v2\/posts\/6110","targetHints":{"allow":["GET"]}}],"collection":[{"href":"https:\/\/www.studiogera.de\/001\/wp-json\/wp\/v2\/posts"}],"about":[{"href":"https:\/\/www.studiogera.de\/001\/wp-json\/wp\/v2\/types\/post"}],"author":[{"embeddable":true,"href":"https:\/\/www.studiogera.de\/001\/wp-json\/wp\/v2\/users\/2"}],"replies":[{"embeddable":true,"href":"https:\/\/www.studiogera.de\/001\/wp-json\/wp\/v2\/comments?post=6110"}],"version-history":[{"count":3,"href":"https:\/\/www.studiogera.de\/001\/wp-json\/wp\/v2\/posts\/6110\/revisions"}],"predecessor-version":[{"id":18280,"href":"https:\/\/www.studiogera.de\/001\/wp-json\/wp\/v2\/posts\/6110\/revisions\/18280"}],"wp:featuredmedia":[{"embeddable":true,"href":"https:\/\/www.studiogera.de\/001\/wp-json\/wp\/v2\/media\/6112"}],"wp:attachment":[{"href":"https:\/\/www.studiogera.de\/001\/wp-json\/wp\/v2\/media?parent=6110"}],"wp:term":[{"taxonomy":"category","embeddable":true,"href":"https:\/\/www.studiogera.de\/001\/wp-json\/wp\/v2\/categories?post=6110"},{"taxonomy":"post_tag","embeddable":true,"href":"https:\/\/www.studiogera.de\/001\/wp-json\/wp\/v2\/tags?post=6110"}],"curies":[{"name":"wp","href":"https:\/\/api.w.org\/{rel}","templated":true}]}}